{"id":1128,"date":"2024-03-28T10:47:00","date_gmt":"2024-03-28T13:47:00","guid":{"rendered":"https:\/\/jacareirugby.com.br\/?p=1128"},"modified":"2024-06-05T22:53:42","modified_gmt":"2024-06-06T01:53:42","slug":"time-de-jacarei-tem-oito-convocados-para-treinos-da-selecao-brasileira-m19","status":"publish","type":"post","link":"https:\/\/jacareirugby.com.br\/?p=1128","title":{"rendered":"Time de Jacare\u00ed tem oito convocados para treinos da Sele\u00e7\u00e3o Brasileira M19"},"content":{"rendered":"\n<figure class=\"wp-block-image size-large\"><img fetchpriority=\"high\" decoding=\"async\" width=\"1024\" height=\"613\" src=\"https:\/\/jacareirugby.com.br\/wp-content\/uploads\/2024\/06\/Andrei-Santana-Brayan-Carriel-Caua-Oliveira-Carlos-Andrade-Joao-Arraez-Kaiky-Araujo-Lyan-Aquino-e-Richard-Dias-1024x613.jpg\" alt=\"\" class=\"wp-image-1129\" srcset=\"https:\/\/jacareirugby.com.br\/wp-content\/uploads\/2024\/06\/Andrei-Santana-Brayan-Carriel-Caua-Oliveira-Carlos-Andrade-Joao-Arraez-Kaiky-Araujo-Lyan-Aquino-e-Richard-Dias-1024x613.jpg 1024w, https:\/\/jacareirugby.com.br\/wp-content\/uploads\/2024\/06\/Andrei-Santana-Brayan-Carriel-Caua-Oliveira-Carlos-Andrade-Joao-Arraez-Kaiky-Araujo-Lyan-Aquino-e-Richard-Dias-300x180.jpg 300w, https:\/\/jacareirugby.com.br\/wp-content\/uploads\/2024\/06\/Andrei-Santana-Brayan-Carriel-Caua-Oliveira-Carlos-Andrade-Joao-Arraez-Kaiky-Araujo-Lyan-Aquino-e-Richard-Dias-768x460.jpg 768w, https:\/\/jacareirugby.com.br\/wp-content\/uploads\/2024\/06\/Andrei-Santana-Brayan-Carriel-Caua-Oliveira-Carlos-Andrade-Joao-Arraez-Kaiky-Araujo-Lyan-Aquino-e-Richard-Dias.jpg 1047w\" sizes=\"(max-width: 1024px) 100vw, 1024px\" \/><figcaption class=\"wp-element-caption\">(Da esquerda para a direita, de cima para baixo) Andrei Santana, Brayan Carriel, Cau\u00e3 Oliveira, Carlos Andrade, Jo\u00e3o Arraez, Kaiky Araujo, Lyan Aquino e Richard Dias &#8211; Fotos \u00cdcaro Leal\/Jacare\u00ed Rugby<\/figcaption><\/figure>\n\n\n\n<p>Um total de oito atletas do SESI Jacare\u00ed Rugby foram convocados pelo treinador Leandro Gevaerd para per\u00edodo de treinos no CT Brasil Rugby, em S\u00e3o Jos\u00e9 dos Campos\/SP. Andrei Santana, Brayan Carriel, Carlos Eduardo Andrade, Cau\u00e3 Oliveira, Jo\u00e3o Guilherme Arraez, Kaiky Ara\u00fajo, Lyan Aquino e Richard Dias estar\u00e3o com a equipe M19 entre os dias 31 de mar\u00e7o e 5 de abril.<\/p>\n\n\n\n<p>Essa \u00e9 a primeira convoca\u00e7\u00e3o da Sele\u00e7\u00e3o Brasileira M19 ap\u00f3s a disputa do Sul-Americano M18, na Argentina. Na ocasi\u00e3o, seis jacar\u00e9s foram chamados e a equipe brasileira fechou as disputas em Rio Segundo, na prov\u00edncia de C\u00f3rdoba, com o quinto lugar.<\/p>\n\n\n\n<p>As novidades da lista deste&nbsp;<em>Camp<\/em>&nbsp;s\u00e3o Brayan Carriel, que se destacou nos primeiros dois jogos do Jacare\u00ed Rugby na Copa Caipira com quatro tries, Kaiky Ara\u00fajo, que retorna ap\u00f3s les\u00e3o, e Cau\u00e3 Oliveira, irm\u00e3o mais novo de Gabriel Oliveira, jogador do Jacare\u00ed Rugby, dos Cobras e da Sele\u00e7\u00e3o Brasileira principal.<\/p>\n\n\n\n<p>A lista completa tem 40 atletas com idade at\u00e9 19 anos. O SESI Jacare\u00ed Rugby \u00e9 um dos times com mais jogadores convocados.<br><br><strong>Treino de p\u00e1scoa<\/strong>\u00a0\u2013 Na noite de 27 de mar\u00e7o, os jacarezinhos tiveram atividades especiais no n\u00facleo SESI Jacare\u00ed. O treino de p\u00e1scoa reuniu as categorias infantis e juvenis para celebrar a data e, ao fim do evento, houve um lanche comunit\u00e1rio. Atletas do time adulto participaram das intera\u00e7\u00f5es para refor\u00e7ar os la\u00e7os com o clube e tamb\u00e9m a pedagogia do exemplo.<\/p>\n\n\n\n<p>O Jacare\u00ed Rugby tem patroc\u00ednio de Cebrace &#8211; A Marca do Vidro, Latecoere, WANA, Via Vale Autom\u00f3veis e Auto Shopping Jacare\u00ed, parceria com Prefeitura Municipal de Jacare\u00ed, Secretaria de Esportes e Recrea\u00e7\u00e3o de Jacare\u00ed, Secretaria de Educa\u00e7\u00e3o de Jacare\u00ed e SESI-SP Jacare\u00ed, apoio de NET Jacare\u00ed, Neobetel, Sanrad, CNA Ingl\u00eas Definitivo, Core Sport, Biguetti e Fisioterapia Mercadante, e Lei de Incentivo Municipal &#8211; Fadenp e Lei de Incentivo ao Esporte.<\/p>\n\n\n\n<p>Siga o Jacare\u00ed nas m\u00eddias sociais:<br>Instagram:\u00a0<a href=\"http:\/\/instagram.com\/jacareirugby\" target=\"_blank\" rel=\"noreferrer noopener\">http:\/\/instagram.com\/jacareirugby<\/a><br>Facebook:\u00a0<a href=\"http:\/\/facebook.com\/jacareirugby\" target=\"_blank\" rel=\"noreferrer noopener\">http:\/\/facebook.com\/jacareirugby<\/a><br>YouTube:\u00a0<a href=\"http:\/\/youtube.com\/jacareirugby\" target=\"_blank\" rel=\"noreferrer noopener\">http:\/\/youtube.com\/jacareirugby<\/a><br>Twitter:\u00a0<a href=\"http:\/\/twitter.com\/jacareirugby\" target=\"_blank\" rel=\"noreferrer noopener\">http:\/\/twitter.com\/jacareirugby<\/a><br>TikTok:\u00a0<a href=\"https:\/\/www.tiktok.com\/@jacareirugby\" target=\"_blank\" rel=\"noreferrer noopener\">https:\/\/www.tiktok.com\/@jacareirugby<\/a>\u00a0\u00a0<\/p>\n","protected":false},"excerpt":{"rendered":"<p>Um total de oito atletas do SESI Jacare\u00ed Rugby foram convocados pelo treinador Leandro Gevaerd para per\u00edodo de treinos no CT Brasil Rugby, em S\u00e3o Jos\u00e9 dos Campos\/SP. Andrei Santana, Brayan Carriel, Carlos Eduardo Andrade, Cau\u00e3 Oliveira, Jo\u00e3o Guilherme Arraez, Kaiky Ara\u00fajo, Lyan Aquino e Richard Dias estar\u00e3o com a equipe M19 entre os dias &hellip; <\/p>\n<p class=\"link-more\"><a href=\"https:\/\/jacareirugby.com.br\/?p=1128\" class=\"more-link\">Continue lendo<span class=\"screen-reader-text\"> &#8220;Time de Jacare\u00ed tem oito convocados para treinos da Sele\u00e7\u00e3o Brasileira M19&#8221;<\/span><\/a><\/p>\n","protected":false},"author":2,"featured_media":1129,"comment_status":"open","ping_status":"open","sticky":false,"template":"","format":"standard","meta":{"footnotes":""},"categories":[46,35],"tags":[43,37],"class_list":["post-1128","post","type-post","status-publish","format-standard","has-post-thumbnail","hentry","category-m19-masculino","category-selecao-brasileira","tag-m19-masculino","tag-selecao-brasileira","entry"],"_links":{"self":[{"href":"https:\/\/jacareirugby.com.br\/index.php?rest_route=\/wp\/v2\/posts\/1128","targetHints":{"allow":["GET"]}}],"collection":[{"href":"https:\/\/jacareirugby.com.br\/index.php?rest_route=\/wp\/v2\/posts"}],"about":[{"href":"https:\/\/jacareirugby.com.br\/index.php?rest_route=\/wp\/v2\/types\/post"}],"author":[{"embeddable":true,"href":"https:\/\/jacareirugby.com.br\/index.php?rest_route=\/wp\/v2\/users\/2"}],"replies":[{"embeddable":true,"href":"https:\/\/jacareirugby.com.br\/index.php?rest_route=%2Fwp%2Fv2%2Fcomments&post=1128"}],"version-history":[{"count":1,"href":"https:\/\/jacareirugby.com.br\/index.php?rest_route=\/wp\/v2\/posts\/1128\/revisions"}],"predecessor-version":[{"id":1130,"href":"https:\/\/jacareirugby.com.br\/index.php?rest_route=\/wp\/v2\/posts\/1128\/revisions\/1130"}],"wp:featuredmedia":[{"embeddable":true,"href":"https:\/\/jacareirugby.com.br\/index.php?rest_route=\/wp\/v2\/media\/1129"}],"wp:attachment":[{"href":"https:\/\/jacareirugby.com.br\/index.php?rest_route=%2Fwp%2Fv2%2Fmedia&parent=1128"}],"wp:term":[{"taxonomy":"category","embeddable":true,"href":"https:\/\/jacareirugby.com.br\/index.php?rest_route=%2Fwp%2Fv2%2Fcategories&post=1128"},{"taxonomy":"post_tag","embeddable":true,"href":"https:\/\/jacareirugby.com.br\/index.php?rest_route=%2Fwp%2Fv2%2Ftags&post=1128"}],"curies":[{"name":"wp","href":"https:\/\/api.w.org\/{rel}","templated":true}]}}