{"id":1154,"date":"2024-04-29T01:46:00","date_gmt":"2024-04-29T04:46:00","guid":{"rendered":"https:\/\/jacareirugby.com.br\/?p=1154"},"modified":"2024-06-06T01:49:07","modified_gmt":"2024-06-06T04:49:07","slug":"jacarei-rugby-tem-seis-convocados-para-treinos-da-selecao-brasileira-de-sevens","status":"publish","type":"post","link":"https:\/\/jacareirugby.com.br\/?p=1154","title":{"rendered":"Jacare\u00ed Rugby tem seis convocados para treinos da Sele\u00e7\u00e3o Brasileira de Sevens"},"content":{"rendered":"\n<p>De olho no Pr\u00e9-Ol\u00edmpico Mundial Masculino, a Sele\u00e7\u00e3o Brasileira de Sevens realizou um fim de semana \u2013 dias 27 e 28 de abril &#8211; com treinos para 18 atletas no CT Brasil Rugby, em S\u00e3o Jos\u00e9 dos Campos\/SP. Entre os convocados, seis jogadores eram do Jacare\u00ed Rugby.<\/p>\n\n\n\n<p>Foram chamados os jogadores: Andrei Santana, Kaiky Ara\u00fajo, Lucas Drudi, Lyan Aquino, Matheus Cruz e Nicolas Azevedo. Com eles, o Jacare\u00ed Rugby foi o clube que mais cedeu atletas para este per\u00edodo de treinamentos. Deste grupo, o atleta mais experiente \u00e9 Lucas Drudi, que j\u00e1 disputou o Pan de 2015 e o World Rugby Sevens Challenger em 2023.<\/p>\n\n\n\n<p>O Pr\u00e9-Ol\u00edmpico Mundial acontecer\u00e1 nos dias 21, 22 e 23 de junho, em M\u00f4naco e valer\u00e1 a \u00faltima vaga masculina para os Jogos Ol\u00edmpicos de Paris 2024. Para a disputa da competi\u00e7\u00e3o, a comiss\u00e3o t\u00e9cnica dos Tupis poder\u00e1 levar ao torneio 13 jogadores apenas.<\/p>\n\n\n\n<p>Os Tupis 7s est\u00e3o no Grupo C com Espanha, Hong Kong e Papua Nova Guin\u00e9. A chave A conta com \u00c1frica do Sul, Chile, Tonga e M\u00e9xico. J\u00e1 a B ter\u00e1 Gr\u00e3-Bretanha, Canad\u00e1, Uganda e China. Apenas o campe\u00e3o garante vaga para a Olimp\u00edada.<\/p>\n\n\n\n<p>No masculino, j\u00e1 est\u00e3o classificadas as seguintes sele\u00e7\u00f5es: Fran\u00e7a, Argentina, Fiji, Nova Zel\u00e2ndia, Austr\u00e1lia, Irlanda, Uruguai, Estados Unidos, Qu\u00eania, Jap\u00e3o e Samoa.<\/p>\n\n\n\n<p>O Jacare\u00ed Rugby tem patroc\u00ednio de Cebrace &#8211; A Marca do Vidro, Latecoere, WANA, Via Vale Autom\u00f3veis e Auto Shopping Jacare\u00ed, parceria com Prefeitura Municipal de Jacare\u00ed, Secretaria de Esportes e Recrea\u00e7\u00e3o de Jacare\u00ed, Secretaria de Educa\u00e7\u00e3o de Jacare\u00ed e SESI-SP Jacare\u00ed, apoio de NET Jacare\u00ed, Neobetel, Sanrad, CNA Ingl\u00eas Definitivo, Core Sport, Biguetti e Fisioterapia Mercadante, e Lei de Incentivo Municipal &#8211; Fadenp e Lei de Incentivo ao Esporte.<\/p>\n\n\n\n<p class=\"has-small-font-size\">Siga o Jacare\u00ed nas m\u00eddias sociais:<br>Instagram:\u00a0<a href=\"http:\/\/instagram.com\/jacareirugby\" target=\"_blank\" rel=\"noreferrer noopener\">http:\/\/instagram.com\/jacareirugby<\/a><br>Facebook:\u00a0<a href=\"http:\/\/facebook.com\/jacareirugby\" target=\"_blank\" rel=\"noreferrer noopener\">http:\/\/facebook.com\/jacareirugby<\/a><br>YouTube:\u00a0<a href=\"http:\/\/youtube.com\/jacareirugby\" target=\"_blank\" rel=\"noreferrer noopener\">http:\/\/youtube.com\/jacareirugby<\/a><br>Twitter:\u00a0<a href=\"http:\/\/twitter.com\/jacareirugby\" target=\"_blank\" rel=\"noreferrer noopener\">http:\/\/twitter.com\/jacareirugby<\/a><br>TikTok:\u00a0<a href=\"https:\/\/www.tiktok.com\/@jacareirugby\" target=\"_blank\" rel=\"noreferrer noopener\">https:\/\/www.tiktok.com\/@jacareirugby<\/a><\/p>\n","protected":false},"excerpt":{"rendered":"<p>De olho no Pr\u00e9-Ol\u00edmpico Mundial Masculino, a Sele\u00e7\u00e3o Brasileira de Sevens realizou um fim de semana \u2013 dias 27 e 28 de abril &#8211; com treinos para 18 atletas no CT Brasil Rugby, em S\u00e3o Jos\u00e9 dos Campos\/SP. Entre os convocados, seis jogadores eram do Jacare\u00ed Rugby. Foram chamados os jogadores: Andrei Santana, Kaiky Ara\u00fajo, &hellip; <\/p>\n<p class=\"link-more\"><a href=\"https:\/\/jacareirugby.com.br\/?p=1154\" class=\"more-link\">Continue lendo<span class=\"screen-reader-text\"> &#8220;Jacare\u00ed Rugby tem seis convocados para treinos da Sele\u00e7\u00e3o Brasileira de Sevens&#8221;<\/span><\/a><\/p>\n","protected":false},"author":2,"featured_media":1155,"comment_status":"open","ping_status":"open","sticky":false,"template":"","format":"standard","meta":{"footnotes":""},"categories":[49,35],"tags":[47,63,37],"class_list":["post-1154","post","type-post","status-publish","format-standard","has-post-thumbnail","hentry","category-adulto-masculino","category-selecao-brasileira","tag-adulto-masculino","tag-rugby-sevens","tag-selecao-brasileira","entry"],"_links":{"self":[{"href":"https:\/\/jacareirugby.com.br\/index.php?rest_route=\/wp\/v2\/posts\/1154","targetHints":{"allow":["GET"]}}],"collection":[{"href":"https:\/\/jacareirugby.com.br\/index.php?rest_route=\/wp\/v2\/posts"}],"about":[{"href":"https:\/\/jacareirugby.com.br\/index.php?rest_route=\/wp\/v2\/types\/post"}],"author":[{"embeddable":true,"href":"https:\/\/jacareirugby.com.br\/index.php?rest_route=\/wp\/v2\/users\/2"}],"replies":[{"embeddable":true,"href":"https:\/\/jacareirugby.com.br\/index.php?rest_route=%2Fwp%2Fv2%2Fcomments&post=1154"}],"version-history":[{"count":1,"href":"https:\/\/jacareirugby.com.br\/index.php?rest_route=\/wp\/v2\/posts\/1154\/revisions"}],"predecessor-version":[{"id":1156,"href":"https:\/\/jacareirugby.com.br\/index.php?rest_route=\/wp\/v2\/posts\/1154\/revisions\/1156"}],"wp:featuredmedia":[{"embeddable":true,"href":"https:\/\/jacareirugby.com.br\/index.php?rest_route=\/wp\/v2\/media\/1155"}],"wp:attachment":[{"href":"https:\/\/jacareirugby.com.br\/index.php?rest_route=%2Fwp%2Fv2%2Fmedia&parent=1154"}],"wp:term":[{"taxonomy":"category","embeddable":true,"href":"https:\/\/jacareirugby.com.br\/index.php?rest_route=%2Fwp%2Fv2%2Fcategories&post=1154"},{"taxonomy":"post_tag","embeddable":true,"href":"https:\/\/jacareirugby.com.br\/index.php?rest_route=%2Fwp%2Fv2%2Ftags&post=1154"}],"curies":[{"name":"wp","href":"https:\/\/api.w.org\/{rel}","templated":true}]}}