{"id":1166,"date":"2024-05-21T01:58:00","date_gmt":"2024-05-21T04:58:00","guid":{"rendered":"https:\/\/jacareirugby.com.br\/?p=1166"},"modified":"2024-06-06T02:00:32","modified_gmt":"2024-06-06T05:00:32","slug":"jacarei-rugby-tem-oito-convocados-para-treinos-da-selecao-brasileira-de-sevens","status":"publish","type":"post","link":"https:\/\/jacareirugby.com.br\/?p=1166","title":{"rendered":"Jacare\u00ed Rugby tem oito convocados para treinos da Sele\u00e7\u00e3o Brasileira de Sevens"},"content":{"rendered":"\n<figure class=\"wp-block-image size-large\"><img fetchpriority=\"high\" decoding=\"async\" width=\"1024\" height=\"683\" src=\"http:\/\/jacareirugby.com.br\/wp-content\/uploads\/2024\/06\/Gustavo-Goncalves-Kaiky-Araujo-Lyan-Aquino-Andrei-Santana-Matheus-Cruz-e-Nicolas-Azevedo-da-esquerda-para-a-direita-Foto-Divulgacao-1024x683.jpeg\" alt=\"\" class=\"wp-image-1167\" srcset=\"https:\/\/jacareirugby.com.br\/wp-content\/uploads\/2024\/06\/Gustavo-Goncalves-Kaiky-Araujo-Lyan-Aquino-Andrei-Santana-Matheus-Cruz-e-Nicolas-Azevedo-da-esquerda-para-a-direita-Foto-Divulgacao-1024x683.jpeg 1024w, https:\/\/jacareirugby.com.br\/wp-content\/uploads\/2024\/06\/Gustavo-Goncalves-Kaiky-Araujo-Lyan-Aquino-Andrei-Santana-Matheus-Cruz-e-Nicolas-Azevedo-da-esquerda-para-a-direita-Foto-Divulgacao-300x200.jpeg 300w, https:\/\/jacareirugby.com.br\/wp-content\/uploads\/2024\/06\/Gustavo-Goncalves-Kaiky-Araujo-Lyan-Aquino-Andrei-Santana-Matheus-Cruz-e-Nicolas-Azevedo-da-esquerda-para-a-direita-Foto-Divulgacao-768x512.jpeg 768w, https:\/\/jacareirugby.com.br\/wp-content\/uploads\/2024\/06\/Gustavo-Goncalves-Kaiky-Araujo-Lyan-Aquino-Andrei-Santana-Matheus-Cruz-e-Nicolas-Azevedo-da-esquerda-para-a-direita-Foto-Divulgacao.jpeg 1200w\" sizes=\"(max-width: 1024px) 100vw, 1024px\" \/><figcaption class=\"wp-element-caption\">Gustavo Gon\u00e7alves, Kaiky Ara\u00fajo, Lyan Aquino, Andrei Santana, Matheus Cruz e Nicolas Azevedos foram alguns dos jacar\u00e9s convocados &#8211; Foto Divulga\u00e7\u00e3o<\/figcaption><\/figure>\n\n\n\n<p>Com o Pr\u00e9-Ol\u00edmpico Mundial Masculino se aproximando, a Sele\u00e7\u00e3o Brasileira de Sevens se reuniu nos dias 15 e 16 de maio para treinos no CT Brasil Rugby, em S\u00e3o Jos\u00e9 dos Campos\/SP, para se preparar para a competi\u00e7\u00e3o. O Jacare\u00ed Rugby cedeu oito atletas entre os 21 convocados para os treinos da equipe nacional.<\/p>\n\n\n\n<p>Foram chamados os atletas: Andrei Santana, Gustavo Gon\u00e7alves, Kaiky Ara\u00fajo, Lucas Drudi, Lyan Aquino, Maiki Lemes, Matheus Cruz e Nicolas Azevedo. O clube foi novamente o time brasileiro que mais cedeu atletas para o per\u00edodo de treinos.&nbsp; Isso porque seis deles j\u00e1 haviam sido chamados no per\u00edodo de atividades anteriores, entre os dias 27 e 28 de abril. As novidades foram Gustavo Gon\u00e7alves e Maiki Lemes.<\/p>\n\n\n\n<p>Dos convocados, os mais experientes s\u00e3o Lucas Drudi e Matheus Cruz. Drudi defendeu o Brasil no Pan de Toronto 2015 e esteve recentemente no World Rugby Sevens Challenger de 2023 na \u00c1frica do Sul. Cruz tamb\u00e9m esteve no pa\u00eds africano para o mesmo torneio e esteve na sele\u00e7\u00e3o durante os per\u00edodos de prepara\u00e7\u00e3o para a Rio 2016.<\/p>\n\n\n\n<p>O Pr\u00e9-Ol\u00edmpico Mundial acontecer\u00e1 nos dias 21, 22 e 23 de junho, em M\u00f4naco e valer\u00e1 a \u00faltima vaga masculina para os Jogos Ol\u00edmpicos de Paris 2024. Para a disputa da competi\u00e7\u00e3o, a comiss\u00e3o t\u00e9cnica dos Tupis poder\u00e1 levar ao torneio 13 jogadores apenas.<\/p>\n\n\n\n<p>Os Tupis 7s est\u00e3o no Grupo C com Espanha, Hong Kong e Papua Nova Guin\u00e9. A chave A conta com \u00c1frica do Sul, Chile, Tonga e M\u00e9xico. J\u00e1 a B ter\u00e1 Gr\u00e3-Bretanha, Canad\u00e1, Uganda e China. Apenas o campe\u00e3o garante vaga para a Olimp\u00edada.<\/p>\n\n\n\n<p>No masculino, j\u00e1 est\u00e3o classificadas as seguintes sele\u00e7\u00f5es: Fran\u00e7a, Argentina, Fiji, Nova Zel\u00e2ndia, Austr\u00e1lia, Irlanda, Uruguai, Estados Unidos, Qu\u00eania, Jap\u00e3o e Samoa.<br><br>O Jacare\u00ed Rugby tem patroc\u00ednio de Cebrace &#8211; A Marca do Vidro, Latecoere, WANA, Via Vale Autom\u00f3veis e Auto Shopping Jacare\u00ed, parceria com Prefeitura Municipal de Jacare\u00ed, Secretaria de Esportes e Recrea\u00e7\u00e3o de Jacare\u00ed, Secretaria de Educa\u00e7\u00e3o de Jacare\u00ed e SESI-SP Jacare\u00ed, apoio de NET Jacare\u00ed, Neobetel, Sanrad, CNA Ingl\u00eas Definitivo, Core Sport, Biguetti e Fisioterapia Mercadante, e Lei de Incentivo Municipal &#8211; Fadenp e Lei de Incentivo ao Esporte.<\/p>\n\n\n\n<p>Siga o Jacare\u00ed nas m\u00eddias sociais:<br>Instagram:&nbsp;<a href=\"http:\/\/instagram.com\/jacareirugby\" target=\"_blank\" rel=\"noreferrer noopener\">http:\/\/instagram.com\/jacareirugby<\/a><br>Facebook:&nbsp;<a href=\"http:\/\/facebook.com\/jacareirugby\" target=\"_blank\" rel=\"noreferrer noopener\">http:\/\/facebook.com\/jacareirugby<\/a><br>YouTube:&nbsp;<a href=\"http:\/\/youtube.com\/jacareirugby\" target=\"_blank\" rel=\"noreferrer noopener\">http:\/\/youtube.com\/jacareirugby<\/a><br>Twitter:&nbsp;<a href=\"http:\/\/twitter.com\/jacareirugby\" target=\"_blank\" rel=\"noreferrer noopener\">http:\/\/twitter.com\/jacareirugby<\/a><br>TikTok:&nbsp;<a href=\"https:\/\/www.tiktok.com\/@jacareirugby\" target=\"_blank\" rel=\"noreferrer noopener\">https:\/\/www.tiktok.com\/@jacareirugby<\/a><\/p>\n","protected":false},"excerpt":{"rendered":"<p>Com o Pr\u00e9-Ol\u00edmpico Mundial Masculino se aproximando, a Sele\u00e7\u00e3o Brasileira de Sevens se reuniu nos dias 15 e 16 de maio para treinos no CT Brasil Rugby, em S\u00e3o Jos\u00e9 dos Campos\/SP, para se preparar para a competi\u00e7\u00e3o. O Jacare\u00ed Rugby cedeu oito atletas entre os 21 convocados para os treinos da equipe nacional. Foram &hellip; <\/p>\n<p class=\"link-more\"><a href=\"https:\/\/jacareirugby.com.br\/?p=1166\" class=\"more-link\">Continue lendo<span class=\"screen-reader-text\"> &#8220;Jacare\u00ed Rugby tem oito convocados para treinos da Sele\u00e7\u00e3o Brasileira de Sevens&#8221;<\/span><\/a><\/p>\n","protected":false},"author":2,"featured_media":1167,"comment_status":"open","ping_status":"open","sticky":false,"template":"","format":"standard","meta":{"footnotes":""},"categories":[49,35],"tags":[47,63,37],"class_list":["post-1166","post","type-post","status-publish","format-standard","has-post-thumbnail","hentry","category-adulto-masculino","category-selecao-brasileira","tag-adulto-masculino","tag-rugby-sevens","tag-selecao-brasileira","entry"],"_links":{"self":[{"href":"https:\/\/jacareirugby.com.br\/index.php?rest_route=\/wp\/v2\/posts\/1166","targetHints":{"allow":["GET"]}}],"collection":[{"href":"https:\/\/jacareirugby.com.br\/index.php?rest_route=\/wp\/v2\/posts"}],"about":[{"href":"https:\/\/jacareirugby.com.br\/index.php?rest_route=\/wp\/v2\/types\/post"}],"author":[{"embeddable":true,"href":"https:\/\/jacareirugby.com.br\/index.php?rest_route=\/wp\/v2\/users\/2"}],"replies":[{"embeddable":true,"href":"https:\/\/jacareirugby.com.br\/index.php?rest_route=%2Fwp%2Fv2%2Fcomments&post=1166"}],"version-history":[{"count":1,"href":"https:\/\/jacareirugby.com.br\/index.php?rest_route=\/wp\/v2\/posts\/1166\/revisions"}],"predecessor-version":[{"id":1168,"href":"https:\/\/jacareirugby.com.br\/index.php?rest_route=\/wp\/v2\/posts\/1166\/revisions\/1168"}],"wp:featuredmedia":[{"embeddable":true,"href":"https:\/\/jacareirugby.com.br\/index.php?rest_route=\/wp\/v2\/media\/1167"}],"wp:attachment":[{"href":"https:\/\/jacareirugby.com.br\/index.php?rest_route=%2Fwp%2Fv2%2Fmedia&parent=1166"}],"wp:term":[{"taxonomy":"category","embeddable":true,"href":"https:\/\/jacareirugby.com.br\/index.php?rest_route=%2Fwp%2Fv2%2Fcategories&post=1166"},{"taxonomy":"post_tag","embeddable":true,"href":"https:\/\/jacareirugby.com.br\/index.php?rest_route=%2Fwp%2Fv2%2Ftags&post=1166"}],"curies":[{"name":"wp","href":"https:\/\/api.w.org\/{rel}","templated":true}]}}