{"id":1241,"date":"2024-06-11T21:30:45","date_gmt":"2024-06-12T00:30:45","guid":{"rendered":"https:\/\/jacareirugby.com.br\/?p=1241"},"modified":"2024-06-11T21:30:45","modified_gmt":"2024-06-12T00:30:45","slug":"jacarei-rugby-tem-cinco-convocados-pelo-brasil-para-o-pre-olimpico-mundial","status":"publish","type":"post","link":"https:\/\/jacareirugby.com.br\/?p=1241","title":{"rendered":"Jacare\u00ed Rugby tem cinco convocados pelo Brasil para o Pr\u00e9-Ol\u00edmpico Mundial"},"content":{"rendered":"\n<figure class=\"wp-block-image size-full\"><img fetchpriority=\"high\" decoding=\"async\" width=\"854\" height=\"318\" src=\"http:\/\/jacareirugby.com.br\/wp-content\/uploads\/2024\/06\/1717688918482368.jpg\" alt=\"\" class=\"wp-image-1247\" srcset=\"https:\/\/jacareirugby.com.br\/wp-content\/uploads\/2024\/06\/1717688918482368.jpg 854w, https:\/\/jacareirugby.com.br\/wp-content\/uploads\/2024\/06\/1717688918482368-300x112.jpg 300w, https:\/\/jacareirugby.com.br\/wp-content\/uploads\/2024\/06\/1717688918482368-768x286.jpg 768w\" sizes=\"(max-width: 854px) 100vw, 854px\" \/><figcaption class=\"wp-element-caption\">(da esquerda para a direita) Andrei Santana, Lucas Drudi, Matheus Cruz, Maiki Lemes e Nicolas Azevedo &#8211; Foto \u00cdcaro Leal\/Jacare\u00ed Rugby<\/figcaption><\/figure>\n\n\n\n<p>A Sele\u00e7\u00e3o Brasileira de Rugby Sevens foi convocada para a disputa do Torneio Pr\u00e9-Ol\u00edmpico Mundial, em M\u00f4naco. Dos 12 atletas chamados pelos Tupis 7s, um total de cinco atuam pelo Jacare\u00ed Rugby. A competi\u00e7\u00e3o definir\u00e1 a \u00faltima vaga para os Jogos Ol\u00edmpicos Paris 2024 e acontecer\u00e1 nos dias 21, 22 e 23 de junho. Os jacar\u00e9s selecionados foram: Andrei Santana, Lucas Drudi, Maiki Lemes, Matheus Cruz e Nicolas Azevedo.<\/p>\n\n\n\n<p>Entre os convocados, Drudi e Cruz s\u00e3o os atletas mais experientes do Jacare\u00ed e tamb\u00e9m do elenco. O primeiro defende a Sele\u00e7\u00e3o Brasileira h\u00e1 mais de 10 anos. Esteve com os Tupis 7s nos Jogos Pan-Americanos de Toronto 2015, no World Rugby Sevens Challenger de 2023, al\u00e9m de etapas do Circuito Mundial e Jogos Sul-Americanos. J\u00e1 Matheus Cruz tamb\u00e9m esteve em torneios importantes como o World Rugby Sevens Challenger na \u00c1frica do Sul e tamb\u00e9m em outras competi\u00e7\u00f5es preparat\u00f3rias para a Rio 2016.<\/p>\n\n\n\n<p>Por outro lado, Andrei Santana, Maiki Lemes e Nicolas Azevedo estar\u00e3o com a Sele\u00e7\u00e3o Brasileira adulta pela primeira vez. Os tr\u00eas t\u00eam no hist\u00f3rico, convoca\u00e7\u00f5es pelas categorias de base, mas estreiam pela principal por esta competi\u00e7\u00e3o.<\/p>\n\n\n\n<p>Al\u00e9m dos cinco jogadores convocados, o Jacare\u00ed Rugby tamb\u00e9m tem Lyan Aquino na lista de suplentes para a competi\u00e7\u00e3o em caso de les\u00e3o de algum atleta \u00e0s v\u00e9speras da viagem. Isso porque, o grupo participa de um \u00faltimo per\u00edodo de treinos entre os dias 12, 13 e 14 de junho em S\u00e3o Jos\u00e9 dos Campos\/SP. A viagem para M\u00f4naco est\u00e1 marcada para o dia 16 de junho.<\/p>\n\n\n\n<p>Com as convoca\u00e7\u00f5es, o Jacare\u00ed Rugby enfrentar\u00e1 o Curitiba no dia 15 de junho desfalcado de cinco jogadores. A equipe est\u00e1 na disputa do Campeonato Brasileiro e jogar\u00e1 contra os paranaenses pela quarta rodada do Grupo B, com a possibilidade de classifica\u00e7\u00e3o antecipada para o Hexagonal Final.<\/p>\n\n\n\n<p><strong>O Pr\u00e9-Ol\u00edmpico Mundial<\/strong><br>Os Tupis 7s est\u00e3o no Grupo C com Espanha, Hong Kong e Papua Nova Guin\u00e9. A chave A conta com \u00c1frica do Sul, Chile, Tonga e M\u00e9xico. J\u00e1 a B ter\u00e1 Gr\u00e3-Bretanha, Canad\u00e1, Uganda e China.<\/p>\n\n\n\n<p>Todos do Grupo se enfrentam para a defini\u00e7\u00e3o dos classificados \u00e0s Quartas de Final e depois definem o t\u00edtulo do torneio na disputa do mata-mata. Apenas o campe\u00e3o garante vaga para a Olimp\u00edada.<\/p>\n\n\n\n<p>No masculino, j\u00e1 est\u00e3o classificadas as seguintes sele\u00e7\u00f5es: Fran\u00e7a, Argentina, Fiji, Nova Zel\u00e2ndia, Austr\u00e1lia, Irlanda, Uruguai, Estados Unidos, Qu\u00eania, Jap\u00e3o e Samoa.<\/p>\n\n\n\n<p>Vale lembrar que no feminino, o Brasil j\u00e1 tem vaga garantida para os Jogos Ol\u00edmpicos Paris 2024.<\/p>\n\n\n\n<p><strong><u>Conhe\u00e7a mais sobre os convocados do Jacare\u00ed Rugby<\/u><\/strong><br><strong>Nicolas Azevedo<\/strong>&nbsp;&#8211; Atleta formado nas categorias de base do Jacare\u00ed Rugby tem 19 anos. Esteve com a Sele\u00e7\u00e3o Brasileira no Sul-Americano de Rugby XV com o Brasil M20 no Paraguai e ter\u00e1 pela primeira vez sua chance na equipe adulta. Natural de Jacare\u00ed come\u00e7ou a jogar r\u00fagbi com 11 anos em 2015. Pelo Jacare\u00ed Rugby soma 21 jogos, 211 pontos e tr\u00eas tries.<\/p>\n\n\n\n<p>\u201cA expectativa \u00e9 muito boa, temos um time bastante jovem, mas com muita qualidade e espero desfrutar ao m\u00e1ximo da competi\u00e7\u00e3o. Estou muito feliz e orgulhoso de mim mesmo por estar representando uma na\u00e7\u00e3o e com uma responsabilidade enorme nas m\u00e3os\u201d.<\/p>\n\n\n\n<figure class=\"wp-block-image size-large\"><img decoding=\"async\" width=\"1024\" height=\"683\" src=\"http:\/\/jacareirugby.com.br\/wp-content\/uploads\/2024\/06\/20240504-Super-12-Jacarei-43-x-20-Curitiba-Foto-Icaro-Leal-Jacarei-Rugby-55-1024x683.jpg\" alt=\"\" class=\"wp-image-1246\" srcset=\"https:\/\/jacareirugby.com.br\/wp-content\/uploads\/2024\/06\/20240504-Super-12-Jacarei-43-x-20-Curitiba-Foto-Icaro-Leal-Jacarei-Rugby-55-1024x683.jpg 1024w, https:\/\/jacareirugby.com.br\/wp-content\/uploads\/2024\/06\/20240504-Super-12-Jacarei-43-x-20-Curitiba-Foto-Icaro-Leal-Jacarei-Rugby-55-300x200.jpg 300w, https:\/\/jacareirugby.com.br\/wp-content\/uploads\/2024\/06\/20240504-Super-12-Jacarei-43-x-20-Curitiba-Foto-Icaro-Leal-Jacarei-Rugby-55-768x512.jpg 768w, https:\/\/jacareirugby.com.br\/wp-content\/uploads\/2024\/06\/20240504-Super-12-Jacarei-43-x-20-Curitiba-Foto-Icaro-Leal-Jacarei-Rugby-55-1536x1024.jpg 1536w, https:\/\/jacareirugby.com.br\/wp-content\/uploads\/2024\/06\/20240504-Super-12-Jacarei-43-x-20-Curitiba-Foto-Icaro-Leal-Jacarei-Rugby-55-2048x1365.jpg 2048w, https:\/\/jacareirugby.com.br\/wp-content\/uploads\/2024\/06\/20240504-Super-12-Jacarei-43-x-20-Curitiba-Foto-Icaro-Leal-Jacarei-Rugby-55-1568x1045.jpg 1568w\" sizes=\"(max-width: 1024px) 100vw, 1024px\" \/><figcaption class=\"wp-element-caption\">Nicolas Azevedo em jogo do Jacare\u00ed Rugby contra o Curitiba pelo Campeonato Brasileiro  &#8211; Foto \u00cdcaro Leal\/Jacare\u00ed Rugby<\/figcaption><\/figure>\n\n\n\n<p><strong>Lucas Drudi<\/strong>&nbsp;\u2013 Atleta nascido em Jacare\u00ed e formado nas categorias de base do Jacare\u00ed Rugby tem 30 anos e \u00e9 um dos mais experientes do grupo. Foi eleito em 2013 como o Atleta Revela\u00e7\u00e3o Masculino de Rugby 7s. Esteve com os Tupis em v\u00e1rios torneios. Foram 3 etapas do Circuito Mundial, 7 Sul-Americanos, 3 Jogos Sul-Americanos Odesur. Al\u00e9m dessas competi\u00e7\u00f5es tamb\u00e9m esteve no Pan de Toronto 2015 e no World Rugby Sevens Challenger da \u00c1frica do Sul em 2023. Come\u00e7ou a jogar r\u00fagbi em 2008 aos 14 anos. Hoje, al\u00e9m do r\u00fagbi, tamb\u00e9m pratica Crossfit. Pelo Jacare\u00ed Rugby acumula 100 jogos, 495 pontos e 75 tries. Esteve com os jacar\u00e9s em todos os t\u00edtulos, entre eles est\u00e3o o Brasileiro de XV 2017 e tamb\u00e9m as quatro conquistas do Brasileiro de Sevens.<\/p>\n\n\n\n<p>\u201cEu me sinto uma pessoa iluminada, pois poucas pessoas t\u00eam essa chance e sei o quanto batalhei diariamente para t\u00ea-la. Ent\u00e3o, fico muito grato e sei da enorme responsabilidade que \u00e9 defender a Sele\u00e7\u00e3o. Vou dar o meu m\u00e1ximo em cada minuto de jogo e espero jogar no mais alto n\u00edvel\u201d.<\/p>\n\n\n\n<figure class=\"wp-block-image size-full\"><img decoding=\"async\" width=\"1024\" height=\"683\" src=\"http:\/\/jacareirugby.com.br\/wp-content\/uploads\/2024\/06\/20230729-Drudi-na-vitoria-do-Jacarei-Rugby-sobre-o-Curitiba-Foto-Icaro-Leal-Jacarei-Rugby.jpg\" alt=\"\" class=\"wp-image-1245\" srcset=\"https:\/\/jacareirugby.com.br\/wp-content\/uploads\/2024\/06\/20230729-Drudi-na-vitoria-do-Jacarei-Rugby-sobre-o-Curitiba-Foto-Icaro-Leal-Jacarei-Rugby.jpg 1024w, https:\/\/jacareirugby.com.br\/wp-content\/uploads\/2024\/06\/20230729-Drudi-na-vitoria-do-Jacarei-Rugby-sobre-o-Curitiba-Foto-Icaro-Leal-Jacarei-Rugby-300x200.jpg 300w, https:\/\/jacareirugby.com.br\/wp-content\/uploads\/2024\/06\/20230729-Drudi-na-vitoria-do-Jacarei-Rugby-sobre-o-Curitiba-Foto-Icaro-Leal-Jacarei-Rugby-768x512.jpg 768w\" sizes=\"(max-width: 1024px) 100vw, 1024px\" \/><figcaption class=\"wp-element-caption\">Lucas Drudi com o Jacare\u00ed pelo Campeonato Brasileiro &#8211; Foto \u00cdcaro Leal\/Jacare\u00ed Rugby<\/figcaption><\/figure>\n\n\n\n<p><strong>Andrei Santana<\/strong>&nbsp;\u2013 Outro jogador natural de Jacare\u00ed. Iniciou no r\u00fagbi em 2017 aos 13 anos e hoje est\u00e1 com 19. Esteve com a Sele\u00e7\u00e3o de base no Sul-Americano M18 na Argentina e no Sul-Americano M20 no Paraguai. Ter\u00e1 pela primeira vez a sua chance na equipe adulta. Pelo Jacare\u00ed Rugby soma 18 jogos e esteve no \u00faltimo t\u00edtulo brasileiro de Sevens em 2022.<\/p>\n\n\n\n<p>\u201cEstou me sentindo muito honrado por essa convoca\u00e7\u00e3o. Passou um filme na cabe\u00e7a e relembrei tudo que passei at\u00e9 chegar aqui. Em campo, quero colocar em pr\u00e1tica tudo aquilo que aprendi, sair com vit\u00f3rias e com bastante experi\u00eancia deste torneio\u201d.<\/p>\n\n\n\n<figure class=\"wp-block-image size-large\"><img loading=\"lazy\" decoding=\"async\" width=\"1024\" height=\"683\" src=\"http:\/\/jacareirugby.com.br\/wp-content\/uploads\/2024\/06\/IMG_4933-1024x683.jpg\" alt=\"\" class=\"wp-image-1244\" srcset=\"https:\/\/jacareirugby.com.br\/wp-content\/uploads\/2024\/06\/IMG_4933-1024x683.jpg 1024w, https:\/\/jacareirugby.com.br\/wp-content\/uploads\/2024\/06\/IMG_4933-300x200.jpg 300w, https:\/\/jacareirugby.com.br\/wp-content\/uploads\/2024\/06\/IMG_4933-768x512.jpg 768w, https:\/\/jacareirugby.com.br\/wp-content\/uploads\/2024\/06\/IMG_4933-1536x1024.jpg 1536w, https:\/\/jacareirugby.com.br\/wp-content\/uploads\/2024\/06\/IMG_4933-2048x1366.jpg 2048w, https:\/\/jacareirugby.com.br\/wp-content\/uploads\/2024\/06\/IMG_4933-1568x1046.jpg 1568w\" sizes=\"(max-width: 1024px) 100vw, 1024px\" \/><figcaption class=\"wp-element-caption\">Andrei Santana pelo Jacare\u00ed Rugby durante o Brasileiro de Sevens &#8211; Foto \u00cdcaro Leal\/Jacare\u00ed Rugby<\/figcaption><\/figure>\n\n\n\n<p><strong>Maiki Lemes<\/strong>&nbsp;\u2013 Natural de Goioer\u00ea, no Paran\u00e1, come\u00e7ou a jogar r\u00fagbi em 2017 com 14 anos. Come\u00e7ou a jogar r\u00fagbi pelo Tornados Indaiatuba e chegou ao Jacare\u00ed em 2022. Neste ano, foi vice-campe\u00e3o brasileiro de XV pelo clube e Campe\u00e3o Brasileiro de Sevens pelos jacar\u00e9s. Com a Sele\u00e7\u00e3o tamb\u00e9m ter\u00e1 sua primeira experi\u00eancia no time adulto, mas pela base j\u00e1 esteve na disputa de outras competi\u00e7\u00f5es. Entre os jacar\u00e9s, \u00e9 o \u00fanico que tamb\u00e9m defende os Cobras Brasil Rugby. Pelo Jacare\u00ed soma 15 jogos, 20 pontos e 4 tries.<\/p>\n\n\n\n<p>\u201c\u00c9 muito gratificante fazer parte deste grupo. Eu me sinto muito feliz por estar representando meu pa\u00eds, meu clube e mostrar que \u00e9 poss\u00edvel chegar ao alto n\u00edvel. Quero fazer bons jogos, trazer vit\u00f3rias e a classifica\u00e7\u00e3o para casa\u201d.<\/p>\n\n\n\n<figure class=\"wp-block-image size-large\"><img loading=\"lazy\" decoding=\"async\" width=\"1024\" height=\"683\" src=\"http:\/\/jacareirugby.com.br\/wp-content\/uploads\/2024\/06\/IMG_4959-1024x683.jpg\" alt=\"\" class=\"wp-image-1243\" srcset=\"https:\/\/jacareirugby.com.br\/wp-content\/uploads\/2024\/06\/IMG_4959-1024x683.jpg 1024w, https:\/\/jacareirugby.com.br\/wp-content\/uploads\/2024\/06\/IMG_4959-300x200.jpg 300w, https:\/\/jacareirugby.com.br\/wp-content\/uploads\/2024\/06\/IMG_4959-768x512.jpg 768w, https:\/\/jacareirugby.com.br\/wp-content\/uploads\/2024\/06\/IMG_4959-1536x1024.jpg 1536w, https:\/\/jacareirugby.com.br\/wp-content\/uploads\/2024\/06\/IMG_4959-2048x1366.jpg 2048w, https:\/\/jacareirugby.com.br\/wp-content\/uploads\/2024\/06\/IMG_4959-1568x1046.jpg 1568w\" sizes=\"(max-width: 1024px) 100vw, 1024px\" \/><figcaption class=\"wp-element-caption\">Maiki Lemes durante o Campeonato Brasileiro de Sevens &#8211; Foto \u00cdcaro Leal\/Jacare\u00ed Rugby<\/figcaption><\/figure>\n\n\n\n<p><strong>Matheus Cruz<\/strong>&nbsp;\u2013 Natural de Jacare\u00ed, iniciou no r\u00fagbi pelas categorias de base do Jacare\u00ed Rugby aos 14 anos em 2010. Esteve em 5 Sul-Americanos, uma etapa do Circuito Mundial e em um Jogos Sul-Americanos ODESUR. Tamb\u00e9m jogou o Roma Sevens 2016 e o World Rugby Sevens Challenger de 2023. Foi eleito por duas vezes como o Melhor Atleta Juvenil Masculino. Al\u00e9m do Jacare\u00ed, tamb\u00e9m jogou r\u00fagbi na Nova Zel\u00e2ndia durante a base e depois em Portugal com o \u00c9vora em 2023. Atualmente, al\u00e9m de jogador, \u00e9 o treinador do Jacare\u00ed Rugby. Pela equipe, esteve em todas as conquistas do clube, incluindo o Brasileiro de XV 2017 e os quatro Brasileiros de Sevens.&nbsp; Soma 92 jogos, 327 pontos e 25 tries.<\/p>\n\n\n\n<p>\u201c\u00c9 sempre um prazer representar os Tupis. Minha expectativa \u00e9 superar o nosso melhor r\u00fagbi e deixar toda a energia, concentra\u00e7\u00e3o e confian\u00e7a dentro de campo. Estou muito feliz por representar meu pa\u00eds e meu clube em uma competi\u00e7\u00e3o t\u00e3o importante e sei da responsabilidade de honrar essa miss\u00e3o\u201d.<\/p>\n\n\n\n<figure class=\"wp-block-image size-large\"><img loading=\"lazy\" decoding=\"async\" width=\"1024\" height=\"683\" src=\"http:\/\/jacareirugby.com.br\/wp-content\/uploads\/2024\/06\/IMG_6734-1024x683.jpg\" alt=\"\" class=\"wp-image-1242\" srcset=\"https:\/\/jacareirugby.com.br\/wp-content\/uploads\/2024\/06\/IMG_6734-1024x683.jpg 1024w, https:\/\/jacareirugby.com.br\/wp-content\/uploads\/2024\/06\/IMG_6734-300x200.jpg 300w, https:\/\/jacareirugby.com.br\/wp-content\/uploads\/2024\/06\/IMG_6734-768x512.jpg 768w, https:\/\/jacareirugby.com.br\/wp-content\/uploads\/2024\/06\/IMG_6734-1536x1024.jpg 1536w, https:\/\/jacareirugby.com.br\/wp-content\/uploads\/2024\/06\/IMG_6734-2048x1365.jpg 2048w, https:\/\/jacareirugby.com.br\/wp-content\/uploads\/2024\/06\/IMG_6734-1568x1045.jpg 1568w\" sizes=\"(max-width: 1024px) 100vw, 1024px\" \/><figcaption class=\"wp-element-caption\">Matheus Cruz em duelo contra o Iguanas pela Copa Caipira 2024 &#8211; Foto \u00cdcaro Leal\/Jacare\u00ed Rugby<\/figcaption><\/figure>\n\n\n\n<p>O Jacare\u00ed Rugby tem patroc\u00ednio de Cebrace &#8211; A Marca do Vidro, Latecoere, WANA, Via Vale Autom\u00f3veis e Auto Shopping Jacare\u00ed, parceria com Prefeitura Municipal de Jacare\u00ed, Secretaria de Esportes e Recrea\u00e7\u00e3o de Jacare\u00ed, Secretaria de Educa\u00e7\u00e3o de Jacare\u00ed e SESI-SP Jacare\u00ed, apoio de NET Jacare\u00ed, Neobetel, Sanrad, CNA Ingl\u00eas Definitivo, Core Sport, Biguetti e Fisioterapia Mercadante, e Lei de Incentivo Municipal &#8211; Fadenp e Lei de Incentivo ao Esporte.<\/p>\n\n\n\n<p>Siga o Jacare\u00ed nas m\u00eddias sociais:<br>Instagram:&nbsp;<a href=\"http:\/\/instagram.com\/jacareirugby\" target=\"_blank\" rel=\"noreferrer noopener\">http:\/\/instagram.com\/jacareirugby<\/a><br>Facebook:&nbsp;<a href=\"http:\/\/facebook.com\/jacareirugby\" target=\"_blank\" rel=\"noreferrer noopener\">http:\/\/facebook.com\/jacareirugby<\/a><br>YouTube:&nbsp;<a href=\"http:\/\/youtube.com\/jacareirugby\" target=\"_blank\" rel=\"noreferrer noopener\">http:\/\/youtube.com\/jacareirugby<\/a><br>Twitter:&nbsp;<a href=\"http:\/\/twitter.com\/jacareirugby\" target=\"_blank\" rel=\"noreferrer noopener\">http:\/\/twitter.com\/jacareirugby<\/a><br>TikTok:&nbsp;<a href=\"https:\/\/www.tiktok.com\/@jacareirugby\" target=\"_blank\" rel=\"noreferrer noopener\">https:\/\/www.tiktok.com\/@jacareirugby<\/a><\/p>\n","protected":false},"excerpt":{"rendered":"<p>A Sele\u00e7\u00e3o Brasileira de Rugby Sevens foi convocada para a disputa do Torneio Pr\u00e9-Ol\u00edmpico Mundial, em M\u00f4naco. Dos 12 atletas chamados pelos Tupis 7s, um total de cinco atuam pelo Jacare\u00ed Rugby. A competi\u00e7\u00e3o definir\u00e1 a \u00faltima vaga para os Jogos Ol\u00edmpicos Paris 2024 e acontecer\u00e1 nos dias 21, 22 e 23 de junho. Os &hellip; <\/p>\n<p class=\"link-more\"><a href=\"https:\/\/jacareirugby.com.br\/?p=1241\" class=\"more-link\">Continue lendo<span class=\"screen-reader-text\"> &#8220;Jacare\u00ed Rugby tem cinco convocados pelo Brasil para o Pr\u00e9-Ol\u00edmpico Mundial&#8221;<\/span><\/a><\/p>\n","protected":false},"author":2,"featured_media":1247,"comment_status":"open","ping_status":"open","sticky":false,"template":"","format":"standard","meta":{"footnotes":""},"categories":[49,35],"tags":[47,66,37],"class_list":["post-1241","post","type-post","status-publish","format-standard","has-post-thumbnail","hentry","category-adulto-masculino","category-selecao-brasileira","tag-adulto-masculino","tag-rugby-olimpico","tag-selecao-brasileira","entry"],"_links":{"self":[{"href":"https:\/\/jacareirugby.com.br\/index.php?rest_route=\/wp\/v2\/posts\/1241","targetHints":{"allow":["GET"]}}],"collection":[{"href":"https:\/\/jacareirugby.com.br\/index.php?rest_route=\/wp\/v2\/posts"}],"about":[{"href":"https:\/\/jacareirugby.com.br\/index.php?rest_route=\/wp\/v2\/types\/post"}],"author":[{"embeddable":true,"href":"https:\/\/jacareirugby.com.br\/index.php?rest_route=\/wp\/v2\/users\/2"}],"replies":[{"embeddable":true,"href":"https:\/\/jacareirugby.com.br\/index.php?rest_route=%2Fwp%2Fv2%2Fcomments&post=1241"}],"version-history":[{"count":1,"href":"https:\/\/jacareirugby.com.br\/index.php?rest_route=\/wp\/v2\/posts\/1241\/revisions"}],"predecessor-version":[{"id":1248,"href":"https:\/\/jacareirugby.com.br\/index.php?rest_route=\/wp\/v2\/posts\/1241\/revisions\/1248"}],"wp:featuredmedia":[{"embeddable":true,"href":"https:\/\/jacareirugby.com.br\/index.php?rest_route=\/wp\/v2\/media\/1247"}],"wp:attachment":[{"href":"https:\/\/jacareirugby.com.br\/index.php?rest_route=%2Fwp%2Fv2%2Fmedia&parent=1241"}],"wp:term":[{"taxonomy":"category","embeddable":true,"href":"https:\/\/jacareirugby.com.br\/index.php?rest_route=%2Fwp%2Fv2%2Fcategories&post=1241"},{"taxonomy":"post_tag","embeddable":true,"href":"https:\/\/jacareirugby.com.br\/index.php?rest_route=%2Fwp%2Fv2%2Ftags&post=1241"}],"curies":[{"name":"wp","href":"https:\/\/api.w.org\/{rel}","templated":true}]}}