{"id":1393,"date":"2024-06-18T17:41:00","date_gmt":"2024-06-18T20:41:00","guid":{"rendered":"https:\/\/jacareirugby.com.br\/?p=1393"},"modified":"2024-06-21T17:45:02","modified_gmt":"2024-06-21T20:45:02","slug":"atletas-formados-pelo-sesi-jacarei-rugby-sao-convocados-para-torneio-pre-olimpico-mundial-com-a-selecao-brasileira-de-rugby-sevens","status":"publish","type":"post","link":"https:\/\/jacareirugby.com.br\/?p=1393","title":{"rendered":"Atletas formados pelo SESI Jacare\u00ed Rugby s\u00e3o convocados para Torneio Pr\u00e9-Ol\u00edmpico Mundial com a Sele\u00e7\u00e3o Brasileira de Rugby Sevens"},"content":{"rendered":"\n<figure class=\"wp-block-image size-large\"><img fetchpriority=\"high\" decoding=\"async\" width=\"1024\" height=\"682\" src=\"http:\/\/jacareirugby.com.br\/wp-content\/uploads\/2024\/06\/WhatsApp-Image-2024-06-21-at-12.53.28-1024x682.jpeg\" alt=\"\" class=\"wp-image-1394\" srcset=\"https:\/\/jacareirugby.com.br\/wp-content\/uploads\/2024\/06\/WhatsApp-Image-2024-06-21-at-12.53.28-1024x682.jpeg 1024w, https:\/\/jacareirugby.com.br\/wp-content\/uploads\/2024\/06\/WhatsApp-Image-2024-06-21-at-12.53.28-300x200.jpeg 300w, https:\/\/jacareirugby.com.br\/wp-content\/uploads\/2024\/06\/WhatsApp-Image-2024-06-21-at-12.53.28-768x512.jpeg 768w, https:\/\/jacareirugby.com.br\/wp-content\/uploads\/2024\/06\/WhatsApp-Image-2024-06-21-at-12.53.28-1536x1023.jpeg 1536w, https:\/\/jacareirugby.com.br\/wp-content\/uploads\/2024\/06\/WhatsApp-Image-2024-06-21-at-12.53.28-1568x1045.jpeg 1568w, https:\/\/jacareirugby.com.br\/wp-content\/uploads\/2024\/06\/WhatsApp-Image-2024-06-21-at-12.53.28.jpeg 1600w\" sizes=\"(max-width: 1024px) 100vw, 1024px\" \/><figcaption class=\"wp-element-caption\">Andrei Santana foi um dos convocados para a Sele\u00e7\u00e3o Brasileira &#8211; Foto \u00cdcaro Leal\/Jacare\u00ed Rugby<\/figcaption><\/figure>\n\n\n\n<p>A Sele\u00e7\u00e3o Brasileira de Rugby Sevens foi convocada para a disputa do Torneio Pr\u00e9-Ol\u00edmpico Mundial, em M\u00f4naco. E dos 12 atletas chamados pelos Tupis 7s, um total de cinco atuam pelo Jacare\u00ed Rugby. Destes atletas, dois foram formados pelo Programa SESI-SP Esporte. S\u00e3o eles: Nicolas Azevedo e Andrei Santana. A competi\u00e7\u00e3o definir\u00e1 a \u00faltima vaga para os Jogos Ol\u00edmpicos Paris 2024 e acontece nos dias 21, 22 e 23 de junho.<\/p>\n\n\n\n<p>\u00c9 a primeira convoca\u00e7\u00e3o dos dois atletas para um torneio adulto com a Sele\u00e7\u00e3o Brasileira. Andrei Santana \u00e9 o mais novo deles. Come\u00e7ou a jogar r\u00fagbi aos 13 anos em 2017 nas categorias de base do clube paulista e hoje est\u00e1 com 19. Esteve com a Sele\u00e7\u00e3o Brasileira M18 na Argentina e no Sul-Americano M20 no Paraguai. Pela equipe de Jacare\u00ed j\u00e1 foi campe\u00e3o brasileiro de Rugby Sevens em 2022.<\/p>\n\n\n\n<p>\u201cEstou me sentindo muito honrado por essa convoca\u00e7\u00e3o. Passa um filme na cabe\u00e7a e relembrei tudo que passei at\u00e9 chegar aqui. Em campo, quero colocar em pr\u00e1tica tudo aquilo que aprendi, sair com vit\u00f3rias e com bastante experi\u00eancia deste torneio\u201d , disse Andrei Santana.<\/p>\n\n\n\n<p>Outro convocado que teve passagem pelo Programa SESI-SP Esporte \u00e9 Nicolas Azevedo. Iniciou no r\u00fagbi aos 11 anos em 2015 e hoje est\u00e1 com 19 anos. Ele tamb\u00e9m esteve com a Sele\u00e7\u00e3o Brasileira M20 no Paraguai.<\/p>\n\n\n\n<p>\u201cA expectativa \u00e9 muito boa, temos um time bastante jovem, mas com muita qualidade e espero desfrutar ao m\u00e1ximo da competi\u00e7\u00e3o. Estou muito feliz e orgulhoso de mim mesmo por estar representando uma na\u00e7\u00e3o e com uma responsabilidade enorme nas m\u00e3os\u201d, falou.<\/p>\n\n\n\n<p>Al\u00e9m desses dois atletas, o Jacare\u00ed Rugby tamb\u00e9m conta com Lucas Drudi, Matheus Cruz e Maiki Lemes no plantel dos Tupis 7s.<\/p>\n\n\n\n<p>O Pr\u00e9-Ol\u00edmpico Mundial<br>Os Tupis 7s est\u00e3o no Grupo C com Espanha, Hong Kong e Papua Nova Guin\u00e9. A chave A conta com \u00c1frica do Sul, Chile, Tonga e M\u00e9xico. J\u00e1 a B ter\u00e1 Gr\u00e3-Bretanha, Canad\u00e1, Uganda e China.<\/p>\n\n\n\n<p>Todos do Grupo se enfrentam para a defini\u00e7\u00e3o dos classificados \u00e0s Quartas de Final e depois definem o t\u00edtulo do torneio na disputa do mata-mata. Apenas o campe\u00e3o garante vaga para a Olimp\u00edada.<\/p>\n\n\n\n<p>No masculino, j\u00e1 est\u00e3o classificadas as seguintes sele\u00e7\u00f5es: Fran\u00e7a, Argentina, Fiji, Nova Zel\u00e2ndia, Austr\u00e1lia, Irlanda, Uruguai, Estados Unidos, Qu\u00eania, Jap\u00e3o e Samoa.<\/p>\n\n\n\n<p>Vale lembrar que no feminino, o Brasil j\u00e1 tem vaga garantida para os Jogos Ol\u00edmpicos Paris 2024.<\/p>\n\n\n\n<p>O Jacare\u00ed Rugby tem patroc\u00ednio de Cebrace &#8211; A Marca do Vidro, Latecoere, WANA, Via Vale Autom\u00f3veis e Auto Shopping Jacare\u00ed, parceria com Prefeitura Municipal de Jacare\u00ed, Secretaria de Esportes e Recrea\u00e7\u00e3o de Jacare\u00ed, Secretaria de Educa\u00e7\u00e3o de Jacare\u00ed e SESI-SP Jacare\u00ed, apoio de NET Jacare\u00ed, Neobetel, Sanrad, CNA Ingl\u00eas Definitivo, Core Sport, Biguetti e Fisioterapia Mercadante, e Lei de Incentivo Municipal &#8211; Fadenp e Lei de Incentivo ao Esporte.<\/p>\n\n\n\n<p>Siga o Jacare\u00ed nas m\u00eddias sociais:<br>Instagram: http:\/\/instagram.com\/jacareirugby<br>Facebook: http:\/\/facebook.com\/jacareirugby<br>YouTube: http:\/\/youtube.com\/jacareirugby<br>Twitter: http:\/\/twitter.com\/jacareirugby<br>TikTok: https:\/\/www.tiktok.com\/@jacareirugby<\/p>\n","protected":false},"excerpt":{"rendered":"<p>A Sele\u00e7\u00e3o Brasileira de Rugby Sevens foi convocada para a disputa do Torneio Pr\u00e9-Ol\u00edmpico Mundial, em M\u00f4naco. E dos 12 atletas chamados pelos Tupis 7s, um total de cinco atuam pelo Jacare\u00ed Rugby. Destes atletas, dois foram formados pelo Programa SESI-SP Esporte. S\u00e3o eles: Nicolas Azevedo e Andrei Santana. A competi\u00e7\u00e3o definir\u00e1 a \u00faltima vaga &hellip; <\/p>\n<p class=\"link-more\"><a href=\"https:\/\/jacareirugby.com.br\/?p=1393\" class=\"more-link\">Continue lendo<span class=\"screen-reader-text\"> &#8220;Atletas formados pelo SESI Jacare\u00ed Rugby s\u00e3o convocados para Torneio Pr\u00e9-Ol\u00edmpico Mundial com a Sele\u00e7\u00e3o Brasileira de Rugby Sevens&#8221;<\/span><\/a><\/p>\n","protected":false},"author":2,"featured_media":1394,"comment_status":"open","ping_status":"open","sticky":false,"template":"","format":"standard","meta":{"footnotes":""},"categories":[35],"tags":[37,50],"class_list":["post-1393","post","type-post","status-publish","format-standard","has-post-thumbnail","hentry","category-selecao-brasileira","tag-selecao-brasileira","tag-sesi-jacarei-rugby","entry"],"_links":{"self":[{"href":"https:\/\/jacareirugby.com.br\/index.php?rest_route=\/wp\/v2\/posts\/1393","targetHints":{"allow":["GET"]}}],"collection":[{"href":"https:\/\/jacareirugby.com.br\/index.php?rest_route=\/wp\/v2\/posts"}],"about":[{"href":"https:\/\/jacareirugby.com.br\/index.php?rest_route=\/wp\/v2\/types\/post"}],"author":[{"embeddable":true,"href":"https:\/\/jacareirugby.com.br\/index.php?rest_route=\/wp\/v2\/users\/2"}],"replies":[{"embeddable":true,"href":"https:\/\/jacareirugby.com.br\/index.php?rest_route=%2Fwp%2Fv2%2Fcomments&post=1393"}],"version-history":[{"count":1,"href":"https:\/\/jacareirugby.com.br\/index.php?rest_route=\/wp\/v2\/posts\/1393\/revisions"}],"predecessor-version":[{"id":1395,"href":"https:\/\/jacareirugby.com.br\/index.php?rest_route=\/wp\/v2\/posts\/1393\/revisions\/1395"}],"wp:featuredmedia":[{"embeddable":true,"href":"https:\/\/jacareirugby.com.br\/index.php?rest_route=\/wp\/v2\/media\/1394"}],"wp:attachment":[{"href":"https:\/\/jacareirugby.com.br\/index.php?rest_route=%2Fwp%2Fv2%2Fmedia&parent=1393"}],"wp:term":[{"taxonomy":"category","embeddable":true,"href":"https:\/\/jacareirugby.com.br\/index.php?rest_route=%2Fwp%2Fv2%2Fcategories&post=1393"},{"taxonomy":"post_tag","embeddable":true,"href":"https:\/\/jacareirugby.com.br\/index.php?rest_route=%2Fwp%2Fv2%2Ftags&post=1393"}],"curies":[{"name":"wp","href":"https:\/\/api.w.org\/{rel}","templated":true}]}}