{"id":1421,"date":"2024-07-11T02:06:00","date_gmt":"2024-07-11T05:06:00","guid":{"rendered":"https:\/\/jacareirugby.com.br\/?p=1421"},"modified":"2024-07-12T02:09:53","modified_gmt":"2024-07-12T05:09:53","slug":"equipes-de-jacarei-tem-convocados-para-selecoes-brasileiras-de-rugby","status":"publish","type":"post","link":"https:\/\/jacareirugby.com.br\/?p=1421","title":{"rendered":"Equipes de Jacare\u00ed tem convocados para Sele\u00e7\u00f5es Brasileiras de Rugby"},"content":{"rendered":"\n<figure class=\"wp-block-image size-full\"><img fetchpriority=\"high\" decoding=\"async\" width=\"839\" height=\"559\" src=\"http:\/\/jacareirugby.com.br\/wp-content\/uploads\/2024\/07\/Camp-Nina.jpeg\" alt=\"\" class=\"wp-image-1422\" srcset=\"https:\/\/jacareirugby.com.br\/wp-content\/uploads\/2024\/07\/Camp-Nina.jpeg 839w, https:\/\/jacareirugby.com.br\/wp-content\/uploads\/2024\/07\/Camp-Nina-300x200.jpeg 300w, https:\/\/jacareirugby.com.br\/wp-content\/uploads\/2024\/07\/Camp-Nina-768x512.jpeg 768w\" sizes=\"(max-width: 839px) 100vw, 839px\" \/><figcaption class=\"wp-element-caption\">Da esquerda para a direita: Byanca Marchesini, Maria Fernanda Martins, Sofia Pereira e J\u00falia Luchezi &#8211; Foto Divulga\u00e7\u00e3o<\/figcaption><\/figure>\n\n\n\n<p>Durante o m\u00eas de julho, a Sele\u00e7\u00e3o Brasileira de Rugby ter\u00e1 compromissos dentro e fora do pa\u00eds, para o masculino e tamb\u00e9m para o feminino. Algo em comum em todas as listas \u00e9 a presen\u00e7a de atletas de Jacare\u00ed para compor as equipes nacionais. Ao todo s\u00e3o 21 jogadores em tr\u00eas diferentes categorias.<\/p>\n\n\n\n<p>Os Tupis v\u00e3o disputar dois jogos valendo pontua\u00e7\u00e3o no ranking da World Rugby contra Hong Kong e B\u00e9lgica, em S\u00e3o Paulo\/SP. Para essas partidas, contar\u00e3o com sete atletas do Jacare\u00ed Rugby: Gabriel Oliveira, Levy Marinho, Nicolas Alkimin, Nicolas Azevedo, Jo\u00e3o Lucas Marino, Maiki Lemes e Matheus Augusto. Os jogos acontecem nos dias 20 e 27 de julho, no Est\u00e1dio do Nacional.<\/p>\n\n\n\n<p>Entre os dias 15 e 27 de julho, os Curumins ter\u00e3o jogos em Foz do Igua\u00e7u\/PR e Assun\u00e7\u00e3o, no Paraguai. Para esta viagem das equipes M17 e M19, o SESI Jacare\u00ed Rugby cedeu um total de 10 atletas: Andrei Santana, Carlos Eduardo Andrade, Cau\u00e3 Oliveira, Cau\u00e3 Ten\u00f3rio, Brayan Carriel, Kaiky Ara\u00fajo, Lyan Aquino, Marcus Furini, Richard Gon\u00e7alves e Ruan Pablo Lopes.<\/p>\n\n\n\n<p>Para finalizar a lista de atletas na Sele\u00e7\u00e3o Brasileira, com incentivo do COB, a Confedera\u00e7\u00e3o Brasileira de Rugby realiza entre 25 e 28 de julho o II Camp Nina, em S\u00e3o Jos\u00e9 dos Campos\/SP. Para estes dias de treinamento, o SESI Jacare\u00ed Rugby ceder\u00e1 quatro jogadoras com idades entre 13 e 17 anos: Byanca Marchesini, Julia Luchezi, Maria Fernanda Martins e Sofia In\u00e1cio.<\/p>\n\n\n\n<p>O Jacare\u00ed Rugby tem patroc\u00ednio de Cebrace &#8211; A Marca do Vidro, Latecoere, WANA, Via Vale Autom\u00f3veis e Auto Shopping Jacare\u00ed, parceria com SESI-SP Jacare\u00ed, apoio de NET Jacare\u00ed, Neobetel, Sanrad, CNA Ingl\u00eas Definitivo, Core Sport, Biguetti e Fisioterapia Mercadante, e Lei de Incentivo ao Esporte.<\/p>\n\n\n\n<p>Siga o Jacare\u00ed nas m\u00eddias sociais:<br>Instagram: http:\/\/instagram.com\/jacareirugby<br>Facebook: http:\/\/facebook.com\/jacareirugby<br>YouTube: http:\/\/youtube.com\/jacareirugby<br>Twitter: http:\/\/twitter.com\/jacareirugby<br>TikTok: https:\/\/www.tiktok.com\/@jacareirugby<\/p>\n","protected":false},"excerpt":{"rendered":"<p>Durante o m\u00eas de julho, a Sele\u00e7\u00e3o Brasileira de Rugby ter\u00e1 compromissos dentro e fora do pa\u00eds, para o masculino e tamb\u00e9m para o feminino. Algo em comum em todas as listas \u00e9 a presen\u00e7a de atletas de Jacare\u00ed para compor as equipes nacionais. Ao todo s\u00e3o 21 jogadores em tr\u00eas diferentes categorias. Os Tupis &hellip; <\/p>\n<p class=\"link-more\"><a href=\"https:\/\/jacareirugby.com.br\/?p=1421\" class=\"more-link\">Continue lendo<span class=\"screen-reader-text\"> &#8220;Equipes de Jacare\u00ed tem convocados para Sele\u00e7\u00f5es Brasileiras de Rugby&#8221;<\/span><\/a><\/p>\n","protected":false},"author":2,"featured_media":1422,"comment_status":"open","ping_status":"open","sticky":false,"template":"","format":"standard","meta":{"footnotes":""},"categories":[49,52,46,35],"tags":[47,53,43,69,37],"class_list":["post-1421","post","type-post","status-publish","format-standard","has-post-thumbnail","hentry","category-adulto-masculino","category-m16-feminino","category-m19-masculino","category-selecao-brasileira","tag-adulto-masculino","tag-m16-feminino","tag-m19-masculino","tag-projeto-nina","tag-selecao-brasileira","entry"],"_links":{"self":[{"href":"https:\/\/jacareirugby.com.br\/index.php?rest_route=\/wp\/v2\/posts\/1421","targetHints":{"allow":["GET"]}}],"collection":[{"href":"https:\/\/jacareirugby.com.br\/index.php?rest_route=\/wp\/v2\/posts"}],"about":[{"href":"https:\/\/jacareirugby.com.br\/index.php?rest_route=\/wp\/v2\/types\/post"}],"author":[{"embeddable":true,"href":"https:\/\/jacareirugby.com.br\/index.php?rest_route=\/wp\/v2\/users\/2"}],"replies":[{"embeddable":true,"href":"https:\/\/jacareirugby.com.br\/index.php?rest_route=%2Fwp%2Fv2%2Fcomments&post=1421"}],"version-history":[{"count":1,"href":"https:\/\/jacareirugby.com.br\/index.php?rest_route=\/wp\/v2\/posts\/1421\/revisions"}],"predecessor-version":[{"id":1423,"href":"https:\/\/jacareirugby.com.br\/index.php?rest_route=\/wp\/v2\/posts\/1421\/revisions\/1423"}],"wp:featuredmedia":[{"embeddable":true,"href":"https:\/\/jacareirugby.com.br\/index.php?rest_route=\/wp\/v2\/media\/1422"}],"wp:attachment":[{"href":"https:\/\/jacareirugby.com.br\/index.php?rest_route=%2Fwp%2Fv2%2Fmedia&parent=1421"}],"wp:term":[{"taxonomy":"category","embeddable":true,"href":"https:\/\/jacareirugby.com.br\/index.php?rest_route=%2Fwp%2Fv2%2Fcategories&post=1421"},{"taxonomy":"post_tag","embeddable":true,"href":"https:\/\/jacareirugby.com.br\/index.php?rest_route=%2Fwp%2Fv2%2Ftags&post=1421"}],"curies":[{"name":"wp","href":"https:\/\/api.w.org\/{rel}","templated":true}]}}