{"id":1464,"date":"2024-07-31T09:57:00","date_gmt":"2024-07-31T12:57:00","guid":{"rendered":"https:\/\/jacareirugby.com.br\/?p=1464"},"modified":"2024-08-19T22:31:01","modified_gmt":"2024-08-20T01:31:01","slug":"jacarei-rugby-tem-cinco-convocados-pelo-brasil-para-duelo-contra-equipe-canadense","status":"publish","type":"post","link":"https:\/\/jacareirugby.com.br\/?p=1464","title":{"rendered":"Jacare\u00ed Rugby tem cinco convocados pelo Brasil para duelo contra equipe canadense"},"content":{"rendered":"\n<figure class=\"wp-block-image size-large\"><img fetchpriority=\"high\" decoding=\"async\" width=\"819\" height=\"1024\" src=\"http:\/\/jacareirugby.com.br\/wp-content\/uploads\/2024\/08\/454015623_1053539276772330_8045732514686724954_n-819x1024.jpg\" alt=\"\" class=\"wp-image-1465\"\/><figcaption class=\"wp-element-caption\">Levy Marinho, Matheus Cruz, Kaiky Ara\u00fajo, Maiki Lemes e Andrei Santana foram convocados pelos Tupis XV (Foto: Divulga\u00e7\u00e3o)<\/figcaption><\/figure>\n\n\n\n<p>A Confedera\u00e7\u00e3o Brasileira de Rugby divulgou a lista de convocados do Brasil para o duelo da Sele\u00e7\u00e3o Brasileira de Desenvolvimento, os Tupis XV, contra o Vancouver Highlanders, no dia 3 de agosto, em Vancouver. Ao todo, cinco jogadores do Jacare\u00ed Rugby foram chamados para enfrentar os canadenses: Andrei Santana, Kaiky Ara\u00fajo, Levy Marinho, Maiki Lemes e Matheus Cruz.<\/p>\n\n\n\n<p>O Vancouver Highlanders \u00e9 um time profissional de r\u00fagbi rec\u00e9m-criado e o amistoso da Sele\u00e7\u00e3o Brasileira de Desenvolvimento ser\u00e1 importante para dar minutos de jogos para jogadores que est\u00e3o na Tupis Academy.<\/p>\n\n\n\n<p>\u201cO grupo precisa de jogos e o time que ir\u00e1 ao Canad\u00e1 foi selecionado com o intuito de garantir mais minutos de jogo de boa qualidade para esses atletas em desenvolvimento. Nosso intuito \u00e9 tirar desse elenco Academy cada vez mais atletas para o time principal e queremos no ano que vem um calend\u00e1rio ainda maior para o Tupis XV\u201d, explicou o diretor t\u00e9cnico e treinador Josh Reeves, que atuou foi campe\u00e3o brasileiro como jogador com o Jacare\u00ed Rugby.<\/p>\n\n\n\n<p>Andrei Santana e Kaiky Ara\u00fajo viajaram ao Canad\u00e1 logo ap\u00f3s retornarem do Paraguai, onde estavam com a sele\u00e7\u00e3o brasileira juvenil. Levy Marinho e Maiki Lemes estiveram com os Tupis nos \u00faltimos jogos da Sele\u00e7\u00e3o Principal contra Hong Kong e B\u00e9lgica. J\u00e1 Matheus Cruz retorna para a Sele\u00e7\u00e3o Brasileira de XV ap\u00f3s defender os Tupis no Pr\u00e9-Ol\u00edmpico Mundial, em M\u00f4naco.<\/p>\n\n\n\n<p>O Jacare\u00ed Rugby tem patroc\u00ednio de Cebrace &#8211; A Marca do Vidro, Latecoere, WANA, Via Vale Autom\u00f3veis e Auto Shopping Jacare\u00ed, parceria com SESI-SP Jacare\u00ed, apoio de NET Jacare\u00ed, Neobetel, Sanrad, CNA Ingl\u00eas Definitivo, Core Sport, Biguetti e Fisioterapia Mercadante, e Lei de Incentivo ao Esporte.<\/p>\n\n\n\n<p>Siga o Jacare\u00ed nas m\u00eddias sociais:<br>Instagram:&nbsp;<a href=\"http:\/\/instagram.com\/jacareirugby\" target=\"_blank\" rel=\"noreferrer noopener\">http:\/\/instagram.com\/jacareirugby<\/a><br>Facebook:&nbsp;<a href=\"http:\/\/facebook.com\/jacareirugby\" target=\"_blank\" rel=\"noreferrer noopener\">http:\/\/facebook.com\/jacareirugby<\/a><br>YouTube:&nbsp;<a href=\"http:\/\/youtube.com\/jacareirugby\" target=\"_blank\" rel=\"noreferrer noopener\">http:\/\/youtube.com\/jacareirugby<\/a><br>Twitter:&nbsp;<a href=\"http:\/\/twitter.com\/jacareirugby\" target=\"_blank\" rel=\"noreferrer noopener\">http:\/\/twitter.com\/jacareirugby<\/a><br>TikTok:&nbsp;<a href=\"https:\/\/www.tiktok.com\/@jacareirugby\" target=\"_blank\" rel=\"noreferrer noopener\">https:\/\/www.tiktok.com\/@jacareirugby<\/a><\/p>\n","protected":false},"excerpt":{"rendered":"<p>A Confedera\u00e7\u00e3o Brasileira de Rugby divulgou a lista de convocados do Brasil para o duelo da Sele\u00e7\u00e3o Brasileira de Desenvolvimento, os Tupis XV, contra o Vancouver Highlanders, no dia 3 de agosto, em Vancouver. Ao todo, cinco jogadores do Jacare\u00ed Rugby foram chamados para enfrentar os canadenses: Andrei Santana, Kaiky Ara\u00fajo, Levy Marinho, Maiki Lemes &hellip; <\/p>\n<p class=\"link-more\"><a href=\"https:\/\/jacareirugby.com.br\/?p=1464\" class=\"more-link\">Continue lendo<span class=\"screen-reader-text\"> &#8220;Jacare\u00ed Rugby tem cinco convocados pelo Brasil para duelo contra equipe canadense&#8221;<\/span><\/a><\/p>\n","protected":false},"author":2,"featured_media":1465,"comment_status":"open","ping_status":"open","sticky":false,"template":"","format":"standard","meta":{"footnotes":""},"categories":[49,35],"tags":[47,37],"class_list":["post-1464","post","type-post","status-publish","format-standard","has-post-thumbnail","hentry","category-adulto-masculino","category-selecao-brasileira","tag-adulto-masculino","tag-selecao-brasileira","entry"],"_links":{"self":[{"href":"https:\/\/jacareirugby.com.br\/index.php?rest_route=\/wp\/v2\/posts\/1464","targetHints":{"allow":["GET"]}}],"collection":[{"href":"https:\/\/jacareirugby.com.br\/index.php?rest_route=\/wp\/v2\/posts"}],"about":[{"href":"https:\/\/jacareirugby.com.br\/index.php?rest_route=\/wp\/v2\/types\/post"}],"author":[{"embeddable":true,"href":"https:\/\/jacareirugby.com.br\/index.php?rest_route=\/wp\/v2\/users\/2"}],"replies":[{"embeddable":true,"href":"https:\/\/jacareirugby.com.br\/index.php?rest_route=%2Fwp%2Fv2%2Fcomments&post=1464"}],"version-history":[{"count":2,"href":"https:\/\/jacareirugby.com.br\/index.php?rest_route=\/wp\/v2\/posts\/1464\/revisions"}],"predecessor-version":[{"id":1491,"href":"https:\/\/jacareirugby.com.br\/index.php?rest_route=\/wp\/v2\/posts\/1464\/revisions\/1491"}],"wp:featuredmedia":[{"embeddable":true,"href":"https:\/\/jacareirugby.com.br\/index.php?rest_route=\/wp\/v2\/media\/1465"}],"wp:attachment":[{"href":"https:\/\/jacareirugby.com.br\/index.php?rest_route=%2Fwp%2Fv2%2Fmedia&parent=1464"}],"wp:term":[{"taxonomy":"category","embeddable":true,"href":"https:\/\/jacareirugby.com.br\/index.php?rest_route=%2Fwp%2Fv2%2Fcategories&post=1464"},{"taxonomy":"post_tag","embeddable":true,"href":"https:\/\/jacareirugby.com.br\/index.php?rest_route=%2Fwp%2Fv2%2Ftags&post=1464"}],"curies":[{"name":"wp","href":"https:\/\/api.w.org\/{rel}","templated":true}]}}