{"id":1497,"date":"2024-08-21T09:20:00","date_gmt":"2024-08-21T12:20:00","guid":{"rendered":"https:\/\/jacareirugby.com.br\/?p=1497"},"modified":"2024-08-22T02:23:12","modified_gmt":"2024-08-22T05:23:12","slug":"jacarei-rugby-recebe-poli-e-busca-vaga-na-final-do-campeonato-paulista","status":"publish","type":"post","link":"https:\/\/jacareirugby.com.br\/?p=1497","title":{"rendered":"Jacare\u00ed Rugby recebe Poli e busca vaga na final do Campeonato Paulista"},"content":{"rendered":"\n<figure class=\"wp-block-image size-large\"><img fetchpriority=\"high\" decoding=\"async\" width=\"1024\" height=\"683\" src=\"http:\/\/jacareirugby.com.br\/wp-content\/uploads\/2024\/08\/20240810-Poli-x-Jacarei-Foto-Icaro-Leal-Jacarei-Rugby-59-1024x683.jpg\" alt=\"\" class=\"wp-image-1498\" srcset=\"https:\/\/jacareirugby.com.br\/wp-content\/uploads\/2024\/08\/20240810-Poli-x-Jacarei-Foto-Icaro-Leal-Jacarei-Rugby-59-1024x683.jpg 1024w, https:\/\/jacareirugby.com.br\/wp-content\/uploads\/2024\/08\/20240810-Poli-x-Jacarei-Foto-Icaro-Leal-Jacarei-Rugby-59-300x200.jpg 300w, https:\/\/jacareirugby.com.br\/wp-content\/uploads\/2024\/08\/20240810-Poli-x-Jacarei-Foto-Icaro-Leal-Jacarei-Rugby-59-768x512.jpg 768w, https:\/\/jacareirugby.com.br\/wp-content\/uploads\/2024\/08\/20240810-Poli-x-Jacarei-Foto-Icaro-Leal-Jacarei-Rugby-59-1536x1024.jpg 1536w, https:\/\/jacareirugby.com.br\/wp-content\/uploads\/2024\/08\/20240810-Poli-x-Jacarei-Foto-Icaro-Leal-Jacarei-Rugby-59-2048x1365.jpg 2048w, https:\/\/jacareirugby.com.br\/wp-content\/uploads\/2024\/08\/20240810-Poli-x-Jacarei-Foto-Icaro-Leal-Jacarei-Rugby-59-1568x1045.jpg 1568w\" sizes=\"(max-width: 1024px) 100vw, 1024px\" \/><figcaption class=\"wp-element-caption\">Alyffer Ferreira retira a bola do ruck para iniciar nova fase em jogo do Jacare\u00ed Rugby &#8211; Foto: \u00cdcaro Leal-Jacare\u00ed Rugby<\/figcaption><\/figure>\n\n\n\n<p>A maratona de jogos do Jacare\u00ed Rugby n\u00e3o para.&nbsp; Neste s\u00e1bado (24), os jacar\u00e9s entram em campo para a disputa da \u00faltima rodada da fase de grupos do Campeonato Paulista 2024. O Jacare\u00ed Rugby recebe a Poli, \u00e0s 14h, no Campo do Balne\u00e1rio, em Jacare\u00ed\/SP, e precisa vencer para garantir vaga na final da competi\u00e7\u00e3o estadual.<\/p>\n\n\n\n<p>Na tabela do grupo B, a classifica\u00e7\u00e3o atual \u00e9 a seguinte: a Poli \u00e9 a l\u00edder da chave com 15 pontos. Em segundo est\u00e1 o SPAC, tamb\u00e9m com 15 pontos. O Jacare\u00ed Rugby fecha o top-3 com 12. Engenharia \u00e9 o quarto com 1 e o Lechuza fecha a lista sem pontos conquistados. Vale lembrar que no r\u00fagbi, as vit\u00f3rias valem 4 pontos, por\u00e9m as equipes podem conquistar b\u00f4nus ofensivos &#8211; fazer 4 ou mais tries em um jogo &#8211; e defensivos &#8211; perder por diferen\u00e7a igual ou menor do que 7 pontos em um jogo.<\/p>\n\n\n\n<p>Dessa forma, com uma vit\u00f3ria simples, o Jacare\u00ed Rugby chegaria aos 16 pontos, deixando os rivais paulistanos atr\u00e1s na tabela final. A \u00fanica situa\u00e7\u00e3o na qual os jacar\u00e9s precisam se preocupar seria uma vit\u00f3ria sem b\u00f4nus ofensivo com os polit\u00e9cnicos somando pontos b\u00f4nus ofensivos e defensivos. Em todos os outros cen\u00e1rios de vit\u00f3ria, os jacar\u00e9s garantem a vaga na decis\u00e3o.<\/p>\n\n\n\n<p>Se olharmos para a hist\u00f3ria, os jacar\u00e9s n\u00e3o ter\u00e3o vida f\u00e1cil. No hist\u00f3rico geral do confronto, a Poli tem uma pequena vantagem. O Jacare\u00ed Rugby venceu 11 jogos e perdeu 13. Nas \u00faltimas 10 partidas, os n\u00fameros se acentuam com tr\u00eas vit\u00f3rias do time jacareiense contra sete dos paulistanos. Entretanto, no \u00faltimo encontro, o Jacare\u00ed Rugby venceu a Poli fora de casa por 20 a 6.<br><br>Em caso de classifica\u00e7\u00e3o, os jacar\u00e9s alcan\u00e7ariam sua terceira decis\u00e3o de Paulista com a chance de conquista de um torneio no qual o clube ainda n\u00e3o venceu em sua hist\u00f3ria. Em caso de derrota, a equipe ficaria em terceiro lugar no grupo e jogaria pelo quinto lugar no duelo seguinte.<\/p>\n\n\n\n<p><strong>Festival Infantil<\/strong> \u2013 No domingo (25), o Jacare\u00ed Rugby realiza a Etapa de Jacare\u00ed\/SP do Circuito Paulista de Rugby Infantil. O evento contar\u00e1 com 9 times de todo o estado com atletas entre 6 e 14 anos para jogos festivos. As atividades t\u00eam in\u00edcio \u00e0s 9h, no Campo do Balne\u00e1rio, em Jacare\u00ed\/SP.<\/p>\n\n\n\n<p>O Jacare\u00ed Rugby tem patroc\u00ednio de Cebrace &#8211; A Marca do Vidro, Latecoere, WANA, Via Vale Autom\u00f3veis e Auto Shopping Jacare\u00ed, parceria com SESI-SP Jacare\u00ed, apoio de NET Jacare\u00ed, Neobetel, Sanrad, CNA Ingl\u00eas Definitivo, Core Sport, Biguetti e Fisioterapia Mercadante, e Lei de Incentivo ao Esporte.<\/p>\n\n\n\n<p>Siga o Jacare\u00ed nas m\u00eddias sociais:<br>Instagram:&nbsp;<a href=\"http:\/\/instagram.com\/jacareirugby\" target=\"_blank\" rel=\"noreferrer noopener\">http:\/\/instagram.com\/jacareirugby<\/a><br>Facebook:&nbsp;<a href=\"http:\/\/facebook.com\/jacareirugby\" target=\"_blank\" rel=\"noreferrer noopener\">http:\/\/facebook.com\/jacareirugby<\/a><br>YouTube:&nbsp;<a href=\"http:\/\/youtube.com\/jacareirugby\" target=\"_blank\" rel=\"noreferrer noopener\">http:\/\/youtube.com\/jacareirugby<\/a><br>Twitter:&nbsp;<a href=\"http:\/\/twitter.com\/jacareirugby\" target=\"_blank\" rel=\"noreferrer noopener\">http:\/\/twitter.com\/jacareirugby<\/a><br>TikTok:&nbsp;<a href=\"https:\/\/www.tiktok.com\/@jacareirugby\" target=\"_blank\" rel=\"noreferrer noopener\">https:\/\/www.tiktok.com\/@jacareirugby<\/a><\/p>\n","protected":false},"excerpt":{"rendered":"<p>A maratona de jogos do Jacare\u00ed Rugby n\u00e3o para.&nbsp; Neste s\u00e1bado (24), os jacar\u00e9s entram em campo para a disputa da \u00faltima rodada da fase de grupos do Campeonato Paulista 2024. O Jacare\u00ed Rugby recebe a Poli, \u00e0s 14h, no Campo do Balne\u00e1rio, em Jacare\u00ed\/SP, e precisa vencer para garantir vaga na final da competi\u00e7\u00e3o &hellip; <\/p>\n<p class=\"link-more\"><a href=\"https:\/\/jacareirugby.com.br\/?p=1497\" class=\"more-link\">Continue lendo<span class=\"screen-reader-text\"> &#8220;Jacare\u00ed Rugby recebe Poli e busca vaga na final do Campeonato Paulista&#8221;<\/span><\/a><\/p>\n","protected":false},"author":2,"featured_media":1498,"comment_status":"open","ping_status":"open","sticky":false,"template":"","format":"standard","meta":{"footnotes":""},"categories":[49,79],"tags":[47,81,44,80],"class_list":["post-1497","post","type-post","status-publish","format-standard","has-post-thumbnail","hentry","category-adulto-masculino","category-rugby-infantil","tag-adulto-masculino","tag-festival-infantil","tag-paulista-xv","tag-rugby-infantil","entry"],"_links":{"self":[{"href":"https:\/\/jacareirugby.com.br\/index.php?rest_route=\/wp\/v2\/posts\/1497","targetHints":{"allow":["GET"]}}],"collection":[{"href":"https:\/\/jacareirugby.com.br\/index.php?rest_route=\/wp\/v2\/posts"}],"about":[{"href":"https:\/\/jacareirugby.com.br\/index.php?rest_route=\/wp\/v2\/types\/post"}],"author":[{"embeddable":true,"href":"https:\/\/jacareirugby.com.br\/index.php?rest_route=\/wp\/v2\/users\/2"}],"replies":[{"embeddable":true,"href":"https:\/\/jacareirugby.com.br\/index.php?rest_route=%2Fwp%2Fv2%2Fcomments&post=1497"}],"version-history":[{"count":1,"href":"https:\/\/jacareirugby.com.br\/index.php?rest_route=\/wp\/v2\/posts\/1497\/revisions"}],"predecessor-version":[{"id":1499,"href":"https:\/\/jacareirugby.com.br\/index.php?rest_route=\/wp\/v2\/posts\/1497\/revisions\/1499"}],"wp:featuredmedia":[{"embeddable":true,"href":"https:\/\/jacareirugby.com.br\/index.php?rest_route=\/wp\/v2\/media\/1498"}],"wp:attachment":[{"href":"https:\/\/jacareirugby.com.br\/index.php?rest_route=%2Fwp%2Fv2%2Fmedia&parent=1497"}],"wp:term":[{"taxonomy":"category","embeddable":true,"href":"https:\/\/jacareirugby.com.br\/index.php?rest_route=%2Fwp%2Fv2%2Fcategories&post=1497"},{"taxonomy":"post_tag","embeddable":true,"href":"https:\/\/jacareirugby.com.br\/index.php?rest_route=%2Fwp%2Fv2%2Ftags&post=1497"}],"curies":[{"name":"wp","href":"https:\/\/api.w.org\/{rel}","templated":true}]}}