{"id":1534,"date":"2024-09-04T21:17:30","date_gmt":"2024-09-05T00:17:30","guid":{"rendered":"https:\/\/jacareirugby.com.br\/?p=1534"},"modified":"2024-09-04T21:17:30","modified_gmt":"2024-09-05T00:17:30","slug":"jacarei-tem-15-convocados-para-treinos-de-selecao-brasileira-nas-categorias-de-base","status":"publish","type":"post","link":"https:\/\/jacareirugby.com.br\/?p=1534","title":{"rendered":"Jacare\u00ed tem 15 convocados para treinos de Sele\u00e7\u00e3o Brasileira nas categorias de base"},"content":{"rendered":"\n<figure class=\"wp-block-image size-large\"><img fetchpriority=\"high\" decoding=\"async\" width=\"1024\" height=\"683\" src=\"http:\/\/jacareirugby.com.br\/wp-content\/uploads\/2024\/09\/IMG_5460-1024x683.jpg\" alt=\"\" class=\"wp-image-1535\" srcset=\"https:\/\/jacareirugby.com.br\/wp-content\/uploads\/2024\/09\/IMG_5460-1024x683.jpg 1024w, https:\/\/jacareirugby.com.br\/wp-content\/uploads\/2024\/09\/IMG_5460-300x200.jpg 300w, https:\/\/jacareirugby.com.br\/wp-content\/uploads\/2024\/09\/IMG_5460-768x512.jpg 768w, https:\/\/jacareirugby.com.br\/wp-content\/uploads\/2024\/09\/IMG_5460-1536x1024.jpg 1536w, https:\/\/jacareirugby.com.br\/wp-content\/uploads\/2024\/09\/IMG_5460-2048x1365.jpg 2048w, https:\/\/jacareirugby.com.br\/wp-content\/uploads\/2024\/09\/IMG_5460-1568x1045.jpg 1568w\" sizes=\"(max-width: 1024px) 100vw, 1024px\" \/><figcaption class=\"wp-element-caption\">Brayan Carriel \u00e9 um dos convocados de Jacare\u00ed para a Sele\u00e7\u00e3o Brasileira de Rugby &#8211; Foto: @phxtosene<\/figcaption><\/figure>\n\n\n\n<p>Nesta ter\u00e7a-feira (3), a Confedera\u00e7\u00e3o Brasileira de Rugby divulgou duas listas de convocados para treinamentos de equipes de base. Tanto o time masculino quanto o feminino t\u00eam representantes de Jacare\u00ed nas listas de convocados. Para o time Sub-19 Masculino foram chamados 12 atletas. J\u00e1 no Feminino M17 s\u00e3o tr\u00eas.<\/p>\n\n\n\n<p>No Masculino, os treinamentos acontecem entre os dias 4 e 8 de setembro, em S\u00e3o Jos\u00e9 dos Campos\/SP.&nbsp; Um total de 34 atletas foram convocados pelo treinador Leandro Gevaerd de olho no Sul-Americano Juvenil de novembro. Entre os jacar\u00e9s chamados est\u00e3o: Andrei Santana, Brayan Carriel, Carlos Eduardo Andrade, Cau\u00e3 Oliveira, Cau\u00e3 Ten\u00f3rio, Gustavo Gon\u00e7alves, Jo\u00e3o Guilherme Arraez, Kaiky Ara\u00fajo, Lyan Aquino, Marcus Furini, Ruan Pablo Lopes e Richard Gon\u00e7alves.<\/p>\n\n\n\n<p>J\u00e1 no feminino, as atividades s\u00e3o para o r\u00fagbi sevens, a vers\u00e3o ol\u00edmpica do esporte. A treinadora Rafaela Turola convocou 30 jogadoras, sendo tr\u00eas do SESI Jacare\u00ed Rugby: Byanca Marchesini, J\u00falia Luchezi e Sofia Pereira. As atividades acontecem entre os dias 19 e 22 de setembro, no CT Brasil Rugby, em S\u00e3o Jos\u00e9 dos Campos\/SP.<\/p>\n\n\n\n<p>O Jacare\u00ed Rugby tem patroc\u00ednio de Cebrace &#8211; A Marca do Vidro, Latecoere, WANA, Via Vale Autom\u00f3veis e Auto Shopping Jacare\u00ed, parceria com SESI-SP Jacare\u00ed, apoio de NET Jacare\u00ed, Neobetel, Sanrad, CNA Ingl\u00eas Definitivo, Core Sport, Biguetti e Fisioterapia Mercadante, e Lei de Incentivo ao Esporte.<\/p>\n\n\n\n<p>Siga o Jacare\u00ed nas m\u00eddias sociais:<br>Instagram:&nbsp;<a href=\"http:\/\/instagram.com\/jacareirugby\" target=\"_blank\" rel=\"noreferrer noopener\">http:\/\/instagram.com\/jacareirugby<\/a><br>Facebook:&nbsp;<a href=\"http:\/\/facebook.com\/jacareirugby\" target=\"_blank\" rel=\"noreferrer noopener\">http:\/\/facebook.com\/jacareirugby<\/a><br>YouTube:&nbsp;<a href=\"http:\/\/youtube.com\/jacareirugby\" target=\"_blank\" rel=\"noreferrer noopener\">http:\/\/youtube.com\/jacareirugby<\/a><br>Twitter:&nbsp;<a href=\"http:\/\/twitter.com\/jacareirugby\" target=\"_blank\" rel=\"noreferrer noopener\">http:\/\/twitter.com\/jacareirugby<\/a><br>TikTok:&nbsp;<a href=\"https:\/\/www.tiktok.com\/@jacareirugby\" target=\"_blank\" rel=\"noreferrer noopener\">https:\/\/www.tiktok.com\/@jacareirugby<\/a><br>Threads:&nbsp;<a href=\"https:\/\/www.threads.net\/@jacareirugby\" target=\"_blank\" rel=\"noreferrer noopener\">https:\/\/www.threads.net\/@jacareirugby<\/a><br>Bluesky:&nbsp;<a href=\"https:\/\/bsky.app\/profile\/jacareirugby.bsky.social\" target=\"_blank\" rel=\"noreferrer noopener\">https:\/\/bsky.app\/profile\/jacareirugby.bsky.social<\/a><\/p>\n","protected":false},"excerpt":{"rendered":"<p>Nesta ter\u00e7a-feira (3), a Confedera\u00e7\u00e3o Brasileira de Rugby divulgou duas listas de convocados para treinamentos de equipes de base. Tanto o time masculino quanto o feminino t\u00eam representantes de Jacare\u00ed nas listas de convocados. Para o time Sub-19 Masculino foram chamados 12 atletas. J\u00e1 no Feminino M17 s\u00e3o tr\u00eas. No Masculino, os treinamentos acontecem entre &hellip; <\/p>\n<p class=\"link-more\"><a href=\"https:\/\/jacareirugby.com.br\/?p=1534\" class=\"more-link\">Continue lendo<span class=\"screen-reader-text\"> &#8220;Jacare\u00ed tem 15 convocados para treinos de Sele\u00e7\u00e3o Brasileira nas categorias de base&#8221;<\/span><\/a><\/p>\n","protected":false},"author":2,"featured_media":1535,"comment_status":"open","ping_status":"open","sticky":false,"template":"","format":"standard","meta":{"footnotes":""},"categories":[52,46,35],"tags":[85,43,66,63,37],"class_list":["post-1534","post","type-post","status-publish","format-standard","has-post-thumbnail","hentry","category-m16-feminino","category-m19-masculino","category-selecao-brasileira","tag-m17-feminino","tag-m19-masculino","tag-rugby-olimpico","tag-rugby-sevens","tag-selecao-brasileira","entry"],"_links":{"self":[{"href":"https:\/\/jacareirugby.com.br\/index.php?rest_route=\/wp\/v2\/posts\/1534","targetHints":{"allow":["GET"]}}],"collection":[{"href":"https:\/\/jacareirugby.com.br\/index.php?rest_route=\/wp\/v2\/posts"}],"about":[{"href":"https:\/\/jacareirugby.com.br\/index.php?rest_route=\/wp\/v2\/types\/post"}],"author":[{"embeddable":true,"href":"https:\/\/jacareirugby.com.br\/index.php?rest_route=\/wp\/v2\/users\/2"}],"replies":[{"embeddable":true,"href":"https:\/\/jacareirugby.com.br\/index.php?rest_route=%2Fwp%2Fv2%2Fcomments&post=1534"}],"version-history":[{"count":1,"href":"https:\/\/jacareirugby.com.br\/index.php?rest_route=\/wp\/v2\/posts\/1534\/revisions"}],"predecessor-version":[{"id":1536,"href":"https:\/\/jacareirugby.com.br\/index.php?rest_route=\/wp\/v2\/posts\/1534\/revisions\/1536"}],"wp:featuredmedia":[{"embeddable":true,"href":"https:\/\/jacareirugby.com.br\/index.php?rest_route=\/wp\/v2\/media\/1535"}],"wp:attachment":[{"href":"https:\/\/jacareirugby.com.br\/index.php?rest_route=%2Fwp%2Fv2%2Fmedia&parent=1534"}],"wp:term":[{"taxonomy":"category","embeddable":true,"href":"https:\/\/jacareirugby.com.br\/index.php?rest_route=%2Fwp%2Fv2%2Fcategories&post=1534"},{"taxonomy":"post_tag","embeddable":true,"href":"https:\/\/jacareirugby.com.br\/index.php?rest_route=%2Fwp%2Fv2%2Ftags&post=1534"}],"curies":[{"name":"wp","href":"https:\/\/api.w.org\/{rel}","templated":true}]}}