{"id":1552,"date":"2025-02-27T19:19:00","date_gmt":"2025-02-27T22:19:00","guid":{"rendered":"https:\/\/jacareirugby.com.br\/?p=1552"},"modified":"2025-03-05T19:23:14","modified_gmt":"2025-03-05T22:23:14","slug":"jacarei-rugby-tem-dois-convocados-pelo-brasil-para-o-world-rugby-sevens-challenger-na-africa-do-sul","status":"publish","type":"post","link":"https:\/\/jacareirugby.com.br\/?p=1552","title":{"rendered":"Jacare\u00ed Rugby tem dois convocados pelo Brasil para o World Rugby Sevens Challenger na \u00c1frica do Sul"},"content":{"rendered":"\n<figure class=\"wp-block-image size-large\"><img fetchpriority=\"high\" decoding=\"async\" width=\"1024\" height=\"768\" src=\"http:\/\/jacareirugby.com.br\/wp-content\/uploads\/2025\/03\/Leonardo-Soares-e-Matheus-Augusto-1024x768.jpeg\" alt=\"\" class=\"wp-image-1553\" srcset=\"https:\/\/jacareirugby.com.br\/wp-content\/uploads\/2025\/03\/Leonardo-Soares-e-Matheus-Augusto-1024x768.jpeg 1024w, https:\/\/jacareirugby.com.br\/wp-content\/uploads\/2025\/03\/Leonardo-Soares-e-Matheus-Augusto-300x225.jpeg 300w, https:\/\/jacareirugby.com.br\/wp-content\/uploads\/2025\/03\/Leonardo-Soares-e-Matheus-Augusto-768x576.jpeg 768w, https:\/\/jacareirugby.com.br\/wp-content\/uploads\/2025\/03\/Leonardo-Soares-e-Matheus-Augusto-1536x1152.jpeg 1536w, https:\/\/jacareirugby.com.br\/wp-content\/uploads\/2025\/03\/Leonardo-Soares-e-Matheus-Augusto-2048x1536.jpeg 2048w, https:\/\/jacareirugby.com.br\/wp-content\/uploads\/2025\/03\/Leonardo-Soares-e-Matheus-Augusto-1568x1176.jpeg 1568w\" sizes=\"(max-width: 1024px) 100vw, 1024px\" \/><figcaption class=\"wp-element-caption\">Leonardo Soares e Matheus Augusto, atletas do Jacare\u00ed Rugby na Sele\u00e7\u00e3o Brasileira &#8211; Foto: Divulga\u00e7\u00e3o<\/figcaption><\/figure>\n\n\n\n<p>Os atletas Leonardo Soares e Matheus Augusto foram chamados pelo treinador da Sele\u00e7\u00e3o Brasileira de Sevens, Lucas Duque, para a disputa da 1\u00aa e da 2\u00aa etapa do World Rugby Sevens Challenger, o Circuito Mundial de Rugby Sevens da segunda divis\u00e3o. Os dois torneios acontecem nos primeiros fins de semana de mar\u00e7o, na Cidade do Cabo, na \u00c1frica do Sul.<\/p>\n\n\n\n<p>Esta \u00e9 a primeira convoca\u00e7\u00e3o de Leonardo Soares com a Sele\u00e7\u00e3o Adulta de Sevens em um torneio oficial. Entretanto, o jogador j\u00e1 havia atuado com o Combinado Brasileiro no Torneio de Mar del Plata, na Argentina, em janeiro. J\u00e1 Matheus Augusto tem mais experi\u00eancia com os Tupis 7s. O principal torneio disputado pelo atleta foi os Jogos Pan-Americanos de Santiago em 2023.<\/p>\n\n\n\n<p>Pela competi\u00e7\u00e3o, o Brasil ter\u00e1 grandes advers\u00e1rios pela frente. Na primeira etapa, com in\u00edcio no s\u00e1bado (1), os Tupis 7s encaram as sele\u00e7\u00f5es de Uganda e Samoa pelo Grupo C. Al\u00e9m desta chave, tamb\u00e9m est\u00e3o na disputa outros nove times divididos em outros tr\u00eas grupos: A \u2013 Alemanha, Jap\u00e3o e Ge\u00f3rgia, B \u2013 Chile, Tonga e Portugal, e D \u2013 Canad\u00e1, Hong Kong e Madagascar. Apenas o primeiro de cada chave avan\u00e7a \u00e0s semifinais.<\/p>\n\n\n\n<p>Os Tupis 7s v\u00e3o em busca de um lugar entre os oito primeiros nas duas etapas, para garantir vaga na fase final da competi\u00e7\u00e3o, que acontece na Pol\u00f4nia durante o m\u00eas de abril. Na competi\u00e7\u00e3o final, os quatro melhores garantem vaga para a repescagem contra os \u00faltimos da SVNS. O torneio de promo\u00e7\u00e3o e rebaixamento ser\u00e1 disputado em Los Angeles (EUA), de 3 a 5 de maio.&nbsp;<\/p>\n\n\n\n<p>Esta \u00e9 a segunda vez que o Brasil joga o World Rugby Sevens Challenger. Em 2023, os Tupis 7s contaram com tr\u00eas jacar\u00e9s no elenco: Matheus Cruz, Lucas Drudi e Carlos Rafael Moura.<\/p>\n\n\n\n<p><strong>Sele\u00e7\u00e3o Juvenil&nbsp;<\/strong>\u2013 Um total de seis atletas do SESI Jacare\u00ed Rugby Sub-19 foram convocados para per\u00edodo de treinos no CT Brasil Rugby, em S\u00e3o Jos\u00e9 dos Campos\/SP. Carlos Eduardo Andrade, Cau\u00e3 Henrique, Gustavo Gon\u00e7alves, Gustavo Mazzuca, Lucas Rafael Castro e Marcus Furini estar\u00e3o com os Curumins entre os dias 7 e 9 de mar\u00e7o se preparando para os torneios da temporada de 2025.<\/p>\n\n\n\n<p>O Jacare\u00ed Rugby tem patroc\u00ednio de Cebrace &#8211; A Marca do Vidro, Latecoere, WANA, Via Vale Autom\u00f3veis e Auto Shopping Jacare\u00ed, parceria com Prefeitura Municipal de Jacare\u00ed, Secretaria de Esportes e Recrea\u00e7\u00e3o de Jacare\u00ed, Secretaria de Educa\u00e7\u00e3o de Jacare\u00ed e SESI-SP Jacare\u00ed, apoio de NET Jacare\u00ed, Neobetel, Sanrad, CNA Ingl\u00eas Definitivo, Core Sport, Biguetti e Fisioterapia Mercadante, e Lei de Incentivo Municipal &#8211; Fadenp e Lei de Incentivo ao Esporte.<\/p>\n\n\n\n<p>Siga o Jacare\u00ed nas m\u00eddias sociais:<br>Instagram:&nbsp;<a href=\"http:\/\/instagram.com\/jacareirugby\" target=\"_blank\" rel=\"noreferrer noopener\">http:\/\/instagram.com\/jacareirugby<\/a><br>Facebook:&nbsp;<a href=\"http:\/\/facebook.com\/jacareirugby\" target=\"_blank\" rel=\"noreferrer noopener\">http:\/\/facebook.com\/jacareirugby<\/a><br>YouTube:&nbsp;<a href=\"http:\/\/youtube.com\/jacareirugby\" target=\"_blank\" rel=\"noreferrer noopener\">http:\/\/youtube.com\/jacareirugby<\/a><br>Twitter:&nbsp;<a href=\"http:\/\/twitter.com\/jacareirugby\" target=\"_blank\" rel=\"noreferrer noopener\">http:\/\/twitter.com\/jacareirugby<\/a><br>TikTok:&nbsp;<a href=\"https:\/\/www.tiktok.com\/@jacareirugby\" target=\"_blank\" rel=\"noreferrer noopener\">https:\/\/www.tiktok.com\/@jacareirugby<\/a><\/p>\n\n\n\n<p><\/p>\n","protected":false},"excerpt":{"rendered":"<p>Os atletas Leonardo Soares e Matheus Augusto foram chamados pelo treinador da Sele\u00e7\u00e3o Brasileira de Sevens, Lucas Duque, para a disputa da 1\u00aa e da 2\u00aa etapa do World Rugby Sevens Challenger, o Circuito Mundial de Rugby Sevens da segunda divis\u00e3o. Os dois torneios acontecem nos primeiros fins de semana de mar\u00e7o, na Cidade do &hellip; <\/p>\n<p class=\"link-more\"><a href=\"https:\/\/jacareirugby.com.br\/?p=1552\" class=\"more-link\">Continue lendo<span class=\"screen-reader-text\"> &#8220;Jacare\u00ed Rugby tem dois convocados pelo Brasil para o World Rugby Sevens Challenger na \u00c1frica do Sul&#8221;<\/span><\/a><\/p>\n","protected":false},"author":2,"featured_media":1553,"comment_status":"open","ping_status":"open","sticky":false,"template":"","format":"standard","meta":{"footnotes":""},"categories":[49,35],"tags":[47,87,37,86],"class_list":["post-1552","post","type-post","status-publish","format-standard","has-post-thumbnail","hentry","category-adulto-masculino","category-selecao-brasileira","tag-adulto-masculino","tag-brasil-7s","tag-selecao-brasileira","tag-world-rugby-sevens-challenger","entry"],"_links":{"self":[{"href":"https:\/\/jacareirugby.com.br\/index.php?rest_route=\/wp\/v2\/posts\/1552","targetHints":{"allow":["GET"]}}],"collection":[{"href":"https:\/\/jacareirugby.com.br\/index.php?rest_route=\/wp\/v2\/posts"}],"about":[{"href":"https:\/\/jacareirugby.com.br\/index.php?rest_route=\/wp\/v2\/types\/post"}],"author":[{"embeddable":true,"href":"https:\/\/jacareirugby.com.br\/index.php?rest_route=\/wp\/v2\/users\/2"}],"replies":[{"embeddable":true,"href":"https:\/\/jacareirugby.com.br\/index.php?rest_route=%2Fwp%2Fv2%2Fcomments&post=1552"}],"version-history":[{"count":1,"href":"https:\/\/jacareirugby.com.br\/index.php?rest_route=\/wp\/v2\/posts\/1552\/revisions"}],"predecessor-version":[{"id":1554,"href":"https:\/\/jacareirugby.com.br\/index.php?rest_route=\/wp\/v2\/posts\/1552\/revisions\/1554"}],"wp:featuredmedia":[{"embeddable":true,"href":"https:\/\/jacareirugby.com.br\/index.php?rest_route=\/wp\/v2\/media\/1553"}],"wp:attachment":[{"href":"https:\/\/jacareirugby.com.br\/index.php?rest_route=%2Fwp%2Fv2%2Fmedia&parent=1552"}],"wp:term":[{"taxonomy":"category","embeddable":true,"href":"https:\/\/jacareirugby.com.br\/index.php?rest_route=%2Fwp%2Fv2%2Fcategories&post=1552"},{"taxonomy":"post_tag","embeddable":true,"href":"https:\/\/jacareirugby.com.br\/index.php?rest_route=%2Fwp%2Fv2%2Ftags&post=1552"}],"curies":[{"name":"wp","href":"https:\/\/api.w.org\/{rel}","templated":true}]}}