{"id":1627,"date":"2025-03-11T02:43:17","date_gmt":"2025-03-11T05:43:17","guid":{"rendered":"https:\/\/jacareirugby.com.br\/?p=1627"},"modified":"2025-03-13T02:44:45","modified_gmt":"2025-03-13T05:44:45","slug":"jacarei-rugby-tem-duas-convocadas-para-amistosos-do-brasil-na-europa","status":"publish","type":"post","link":"https:\/\/jacareirugby.com.br\/?p=1627","title":{"rendered":"Jacare\u00ed Rugby tem duas convocadas para amistosos do Brasil na Europa"},"content":{"rendered":"\n<figure class=\"wp-block-image size-large\"><img fetchpriority=\"high\" decoding=\"async\" width=\"1024\" height=\"768\" src=\"http:\/\/jacareirugby.com.br\/wp-content\/uploads\/2025\/03\/Mariana-Moreira-e-Giovana-Pires-1024x768.jpeg\" alt=\"\" class=\"wp-image-1628\" srcset=\"https:\/\/jacareirugby.com.br\/wp-content\/uploads\/2025\/03\/Mariana-Moreira-e-Giovana-Pires-1024x768.jpeg 1024w, https:\/\/jacareirugby.com.br\/wp-content\/uploads\/2025\/03\/Mariana-Moreira-e-Giovana-Pires-300x225.jpeg 300w, https:\/\/jacareirugby.com.br\/wp-content\/uploads\/2025\/03\/Mariana-Moreira-e-Giovana-Pires-768x576.jpeg 768w, https:\/\/jacareirugby.com.br\/wp-content\/uploads\/2025\/03\/Mariana-Moreira-e-Giovana-Pires.jpeg 1200w\" sizes=\"(max-width: 1024px) 100vw, 1024px\" \/><figcaption class=\"wp-element-caption\">Mariana Moreira e Giovana Pires jogar\u00e3o com as Yaras na Europa contra Portugal e Espanha &#8211; Foto: Divulga\u00e7\u00e3o<\/figcaption><\/figure>\n\n\n\n<p>O treinador das Yaras XV Emiliano Caffera convocou 28 atletas para a disputa de dois test matches \u2013 jogos valendo posi\u00e7\u00e3o no Ranking Mundial \u2013 do Brasil contra Portugal e Espanha. Entre as convocadas est\u00e3o duas atletas do Jacare\u00ed Rugby: Giovana Pires e Mariana Moreira. Os jogos fazem parte da prepara\u00e7\u00e3o brasileira para a disputa da Copa do Mundo no segundo semestre.<\/p>\n\n\n\n<p>A delega\u00e7\u00e3o brasileira viajou no dia 10 de mar\u00e7o para a Europa e enfrenta as portuguesas no dia 16 em Caldas da Rainha, cidade pr\u00f3xima de Lisboa. Em seguida, seguir\u00e3o para a Espanha onde enfrentam as donas da casa no dia 22, em Torrevieja, pr\u00f3ximo de Val\u00eancia.<\/p>\n\n\n\n<p>As atletas jacareienses est\u00e3o treinando todos os dias com as demais jogadoras brasileiras no N\u00facleo de Alto Rendimento, em S\u00e3o Paulo, visando a disputa do Mundial, que ser\u00e1 realizado na Inglaterra durante os meses de agosto e setembro. Ambas estiveram com a Sele\u00e7\u00e3o nos amistosos contra a Holanda em novembro de 2024.<\/p>\n\n\n\n<p>O Jacare\u00ed Rugby tem patroc\u00ednio de Cebrace &#8211; A Marca do Vidro, Latecoere, WANA, Via Vale Autom\u00f3veis e Auto Shopping Jacare\u00ed, parceria com Prefeitura Municipal de Jacare\u00ed, Secretaria de Esportes e Recrea\u00e7\u00e3o de Jacare\u00ed, Secretaria de Educa\u00e7\u00e3o de Jacare\u00ed e SESI-SP Jacare\u00ed, apoio de NET Jacare\u00ed, Neobetel, Sanrad, CNA Ingl\u00eas Definitivo, Core Sport, Biguetti e Fisioterapia Mercadante, e Lei de Incentivo Municipal &#8211; Fadenp e Lei de Incentivo ao Esporte.<\/p>\n\n\n\n<p>Siga o Jacare\u00ed nas m\u00eddias sociais:<br>Instagram:\u00a0<a href=\"http:\/\/instagram.com\/jacareirugby\" target=\"_blank\" rel=\"noreferrer noopener\">http:\/\/instagram.com\/jacareirugby<\/a><br>Facebook:\u00a0<a href=\"http:\/\/facebook.com\/jacareirugby\" target=\"_blank\" rel=\"noreferrer noopener\">http:\/\/facebook.com\/jacareirugby<\/a><br>YouTube:\u00a0<a href=\"http:\/\/youtube.com\/jacareirugby\" target=\"_blank\" rel=\"noreferrer noopener\">http:\/\/youtube.com\/jacareirugby<\/a><br>Twitter:\u00a0<a href=\"http:\/\/twitter.com\/jacareirugby\" target=\"_blank\" rel=\"noreferrer noopener\">http:\/\/twitter.com\/jacareirugby<\/a><br>TikTok:\u00a0<a href=\"https:\/\/www.tiktok.com\/@jacareirugby\" target=\"_blank\" rel=\"noreferrer noopener\">https:\/\/www.tiktok.com\/@jacareirugby<\/a><\/p>\n","protected":false},"excerpt":{"rendered":"<p>O treinador das Yaras XV Emiliano Caffera convocou 28 atletas para a disputa de dois test matches \u2013 jogos valendo posi\u00e7\u00e3o no Ranking Mundial \u2013 do Brasil contra Portugal e Espanha. Entre as convocadas est\u00e3o duas atletas do Jacare\u00ed Rugby: Giovana Pires e Mariana Moreira. Os jogos fazem parte da prepara\u00e7\u00e3o brasileira para a disputa &hellip; <\/p>\n<p class=\"link-more\"><a href=\"https:\/\/jacareirugby.com.br\/?p=1627\" class=\"more-link\">Continue lendo<span class=\"screen-reader-text\"> &#8220;Jacare\u00ed Rugby tem duas convocadas para amistosos do Brasil na Europa&#8221;<\/span><\/a><\/p>\n","protected":false},"author":2,"featured_media":1628,"comment_status":"open","ping_status":"open","sticky":false,"template":"","format":"standard","meta":{"footnotes":""},"categories":[1],"tags":[],"class_list":["post-1627","post","type-post","status-publish","format-standard","has-post-thumbnail","hentry","category-sem-categoria","entry"],"_links":{"self":[{"href":"https:\/\/jacareirugby.com.br\/index.php?rest_route=\/wp\/v2\/posts\/1627","targetHints":{"allow":["GET"]}}],"collection":[{"href":"https:\/\/jacareirugby.com.br\/index.php?rest_route=\/wp\/v2\/posts"}],"about":[{"href":"https:\/\/jacareirugby.com.br\/index.php?rest_route=\/wp\/v2\/types\/post"}],"author":[{"embeddable":true,"href":"https:\/\/jacareirugby.com.br\/index.php?rest_route=\/wp\/v2\/users\/2"}],"replies":[{"embeddable":true,"href":"https:\/\/jacareirugby.com.br\/index.php?rest_route=%2Fwp%2Fv2%2Fcomments&post=1627"}],"version-history":[{"count":1,"href":"https:\/\/jacareirugby.com.br\/index.php?rest_route=\/wp\/v2\/posts\/1627\/revisions"}],"predecessor-version":[{"id":1629,"href":"https:\/\/jacareirugby.com.br\/index.php?rest_route=\/wp\/v2\/posts\/1627\/revisions\/1629"}],"wp:featuredmedia":[{"embeddable":true,"href":"https:\/\/jacareirugby.com.br\/index.php?rest_route=\/wp\/v2\/media\/1628"}],"wp:attachment":[{"href":"https:\/\/jacareirugby.com.br\/index.php?rest_route=%2Fwp%2Fv2%2Fmedia&parent=1627"}],"wp:term":[{"taxonomy":"category","embeddable":true,"href":"https:\/\/jacareirugby.com.br\/index.php?rest_route=%2Fwp%2Fv2%2Fcategories&post=1627"},{"taxonomy":"post_tag","embeddable":true,"href":"https:\/\/jacareirugby.com.br\/index.php?rest_route=%2Fwp%2Fv2%2Ftags&post=1627"}],"curies":[{"name":"wp","href":"https:\/\/api.w.org\/{rel}","templated":true}]}}