{"id":1676,"date":"2025-11-11T13:40:08","date_gmt":"2025-11-11T16:40:08","guid":{"rendered":"https:\/\/jacareirugby.com.br\/?p=1676"},"modified":"2025-11-11T13:40:08","modified_gmt":"2025-11-11T16:40:08","slug":"edital-de-convocacao-de-assembleiageral-ordinaria-da-associacaoesportiva-jacarei-rugby","status":"publish","type":"post","link":"https:\/\/jacareirugby.com.br\/?p=1676","title":{"rendered":"EDITAL DE CONVOCA\u00c7\u00c3O DE ASSEMBL\u00c9IAGERAL ORDIN\u00c1RIA DA ASSOCIA\u00c7\u00c3OESPORTIVA JACARE\u00cd RUGBY"},"content":{"rendered":"\n<p>Convoca\u00e7\u00e3o: S\u00e3o convocados todos os interessados a se reunirem em Assembleia Geral ordin\u00e1ria, que se realizar\u00e1 no dia 26 de novembro de 2025, no SESI &#8211; Jacare\u00ed R. Antonio Ferreira Rizzini, 600 &#8211; Jardim Elza Maria CEP:12322-120. A Assembleia ser\u00e1 instalada em primeira convoca\u00e7\u00e3o \u00e0s 19h00 e em segunda convoca\u00e7\u00e3o \u00e0s 19h30.<br><br>Ordem do Dia:<\/p>\n\n\n\n<ol class=\"wp-block-list\">\n<li>Presta\u00e7\u00e3o de Contas 2024.<\/li>\n\n\n\n<li>Planejamento 2025 e 2026.<\/li>\n<\/ol>\n\n\n\n<p>A secret\u00e1ria da Associa\u00e7\u00e3o Esportiva Jacare\u00ed Rugby fica localizada na Rua Jos\u00e9 Benedito Duarte, n\u00ba 152 &#8211; casa 02, Parque Itamaraty \u2013 Jacare\u00ed \/ SP, CEP 12.307.200. Dia\/Hor\u00e1rio de Atendimento: Segunda-feira \u00e0 Sexta-feira das 10HS \u00e0 15hs30. O estatuto da Associa\u00e7\u00e3o pode ser consultado atrav\u00e9s do site da institui\u00e7\u00e3o (http:\/\/www.jacareirugby.com). Contato telef\u00f4nico 015 \u2013 99110-0014, Sr Pedro Henrique Siqueira Pinto.<br><br>Jacare\u00ed, 30 de outubro de 2025.<br>Regina F\u00e1tima da Silva Costa<br>Presidente<\/p>\n","protected":false},"excerpt":{"rendered":"<p>Convoca\u00e7\u00e3o: S\u00e3o convocados todos os interessados a se reunirem em Assembleia Geral ordin\u00e1ria, que se realizar\u00e1 no dia 26 de novembro de 2025, no SESI &#8211; Jacare\u00ed R. Antonio Ferreira Rizzini, 600 &#8211; Jardim Elza Maria CEP:12322-120. A Assembleia ser\u00e1 instalada em primeira convoca\u00e7\u00e3o \u00e0s 19h00 e em segunda convoca\u00e7\u00e3o \u00e0s 19h30. Ordem do Dia: &hellip; <\/p>\n<p class=\"link-more\"><a href=\"https:\/\/jacareirugby.com.br\/?p=1676\" class=\"more-link\">Continue lendo<span class=\"screen-reader-text\"> &#8220;EDITAL DE CONVOCA\u00c7\u00c3O DE ASSEMBL\u00c9IAGERAL ORDIN\u00c1RIA DA ASSOCIA\u00c7\u00c3OESPORTIVA JACARE\u00cd RUGBY&#8221;<\/span><\/a><\/p>\n","protected":false},"author":2,"featured_media":0,"comment_status":"open","ping_status":"open","sticky":false,"template":"","format":"standard","meta":{"footnotes":""},"categories":[1],"tags":[],"class_list":["post-1676","post","type-post","status-publish","format-standard","hentry","category-sem-categoria","entry"],"_links":{"self":[{"href":"https:\/\/jacareirugby.com.br\/index.php?rest_route=\/wp\/v2\/posts\/1676","targetHints":{"allow":["GET"]}}],"collection":[{"href":"https:\/\/jacareirugby.com.br\/index.php?rest_route=\/wp\/v2\/posts"}],"about":[{"href":"https:\/\/jacareirugby.com.br\/index.php?rest_route=\/wp\/v2\/types\/post"}],"author":[{"embeddable":true,"href":"https:\/\/jacareirugby.com.br\/index.php?rest_route=\/wp\/v2\/users\/2"}],"replies":[{"embeddable":true,"href":"https:\/\/jacareirugby.com.br\/index.php?rest_route=%2Fwp%2Fv2%2Fcomments&post=1676"}],"version-history":[{"count":1,"href":"https:\/\/jacareirugby.com.br\/index.php?rest_route=\/wp\/v2\/posts\/1676\/revisions"}],"predecessor-version":[{"id":1677,"href":"https:\/\/jacareirugby.com.br\/index.php?rest_route=\/wp\/v2\/posts\/1676\/revisions\/1677"}],"wp:attachment":[{"href":"https:\/\/jacareirugby.com.br\/index.php?rest_route=%2Fwp%2Fv2%2Fmedia&parent=1676"}],"wp:term":[{"taxonomy":"category","embeddable":true,"href":"https:\/\/jacareirugby.com.br\/index.php?rest_route=%2Fwp%2Fv2%2Fcategories&post=1676"},{"taxonomy":"post_tag","embeddable":true,"href":"https:\/\/jacareirugby.com.br\/index.php?rest_route=%2Fwp%2Fv2%2Ftags&post=1676"}],"curies":[{"name":"wp","href":"https:\/\/api.w.org\/{rel}","templated":true}]}}