{"id":775,"date":"2024-01-31T02:26:00","date_gmt":"2024-01-31T05:26:00","guid":{"rendered":"https:\/\/jacareirugby.com.br\/?p=775"},"modified":"2024-03-20T02:29:44","modified_gmt":"2024-03-20T05:29:44","slug":"jacarei-rugby-cede-seis-atletas-para-franquia-brasileira-no-super-rugby-americas-2024","status":"publish","type":"post","link":"https:\/\/jacareirugby.com.br\/?p=775","title":{"rendered":"Jacare\u00ed Rugby cede seis atletas para franquia brasileira no Super Rugby Am\u00e9ricas 2024"},"content":{"rendered":"\n<p>A Confedera\u00e7\u00e3o Brasileira de Rugby divulgou o elenco dos Cobras Brasil Rugby para a temporada 2024 do Super Rugby Am\u00e9ricas. Entre os atletas confirmados, seis defendem as cores do Jacare\u00ed Rugby. A lista cont\u00e9m um total de 48 atletas entre os jogadores do Elenco Principal e os Cobras Academy.<\/p>\n\n\n\n<p>Para o Elenco Principal foram chamados: Levy Marinho, Gabriel Oliveira, Mayke Gustavo e Matheus Augusto. Dos quatro jogadores, tr\u00eas estiveram com o clube disputando a edi\u00e7\u00e3o 2023 do torneio Sul-Americano. A novidade \u00e9 Mayke Gustavo, que ser\u00e1 incorporado ao time ap\u00f3s se recuperar de les\u00e3o no joelho durante todo o ano passado.<\/p>\n\n\n\n<p>Para o Cobras Academy, foram chamados os atletas Nicolas Alkmin, que em torneios paulistas atua pelo Iguanas, e Gustavo Sirino, que nas competi\u00e7\u00f5es estaduais defende o Ilhabela. Ambos est\u00e3o com outros 12 jogadores na lista de suplentes e poder\u00e3o ser usados futuramente no elenco principal.<\/p>\n\n\n\n<p>Os atletas ser\u00e3o comandados pelo treinador Josh Reeves, que como jogador foi campe\u00e3o brasileiro em 2017 com o Jacare\u00ed Rugby. Os advers\u00e1rios da franquia brasileira ser\u00e3o: Pe\u00f1arol (Uruguai), Raptors (Estados Unidos), Selkham (Chile), Pampas (Argentina), Dogos (Argentina) e Yacar\u00e9 (Paraguai).<\/p>\n\n\n\n<p><strong>Jogos da franquia em Jacare\u00ed<\/strong>&nbsp;\u2013 A CBRu definiu que o local dos jogos no Brasil para os Cobras ser\u00e1 o Poliesportivo Du Cambusano, em Jacare\u00ed. O local conta com um est\u00e1dio no bairro do Villa Branca com capacidade para 3814 pessoas. A primeira partida ser\u00e1 contra o Pe\u00f1arol no dia 17 de fevereiro, no Vale do Para\u00edba.<\/p>\n\n\n\n<p>O Jacare\u00ed Rugby tem patroc\u00ednio de Cebrace &#8211; A Marca do Vidro, Latecoere, WANA, Via Vale Autom\u00f3veis e Auto Shopping Jacare\u00ed, parceria com Prefeitura Municipal de Jacare\u00ed, Secretaria de Esportes e Recrea\u00e7\u00e3o de Jacare\u00ed, Secretaria de Educa\u00e7\u00e3o de Jacare\u00ed e SESI-SP Jacare\u00ed, apoio de NET Jacare\u00ed, Neobetel, Sanrad, CNA Ingl\u00eas Definitivo, Core Sport, Biguetti e Fisioterapia Mercadante, e Lei de Incentivo Municipal &#8211; Fadenp e Lei de Incentivo ao Esporte.<\/p>\n\n\n\n<p class=\"has-small-font-size\" id=\"jacarei-rugby-cede-seis-atletas-para-franquia-brasileira\">Siga o Jacare\u00ed nas m\u00eddias sociais:<br>Instagram:&nbsp;<a href=\"http:\/\/instagram.com\/jacareirugby\" target=\"_blank\" rel=\"noreferrer noopener\">http:\/\/instagram.com\/jacareirugby<\/a><br>Facebook:&nbsp;<a href=\"http:\/\/facebook.com\/jacareirugby\" target=\"_blank\" rel=\"noreferrer noopener\">http:\/\/facebook.com\/jacareirugby<\/a><br>YouTube:&nbsp;<a href=\"http:\/\/youtube.com\/jacareirugby\" target=\"_blank\" rel=\"noreferrer noopener\">http:\/\/youtube.com\/jacareirugby<\/a><br>Twitter:&nbsp;<a href=\"http:\/\/twitter.com\/jacareirugby\" target=\"_blank\" rel=\"noreferrer noopener\">http:\/\/twitter.com\/jacareirugby<\/a><br>TikTok:&nbsp;<a href=\"https:\/\/www.tiktok.com\/@jacareirugby\" target=\"_blank\" rel=\"noreferrer noopener\">https:\/\/www.tiktok.com\/@jacareirugby<\/a><\/p>\n","protected":false},"excerpt":{"rendered":"<p>A Confedera\u00e7\u00e3o Brasileira de Rugby divulgou o elenco dos Cobras Brasil Rugby para a temporada 2024 do Super Rugby Am\u00e9ricas. Entre os atletas confirmados, seis defendem as cores do Jacare\u00ed Rugby. A lista cont\u00e9m um total de 48 atletas entre os jogadores do Elenco Principal e os Cobras Academy. Para o Elenco Principal foram chamados: &hellip; <\/p>\n<p class=\"link-more\"><a href=\"https:\/\/jacareirugby.com.br\/?p=775\" class=\"more-link\">Continue lendo<span class=\"screen-reader-text\"> &#8220;Jacare\u00ed Rugby cede seis atletas para franquia brasileira no Super Rugby Am\u00e9ricas 2024&#8221;<\/span><\/a><\/p>\n","protected":false},"author":2,"featured_media":776,"comment_status":"open","ping_status":"open","sticky":false,"template":"","format":"standard","meta":{"footnotes":""},"categories":[31],"tags":[32,33,34],"class_list":["post-775","post","type-post","status-publish","format-standard","has-post-thumbnail","hentry","category-cobras-brasil-rugby","tag-cobras","tag-cobras-brasil-rugby","tag-super-rugby-americas","entry"],"_links":{"self":[{"href":"https:\/\/jacareirugby.com.br\/index.php?rest_route=\/wp\/v2\/posts\/775","targetHints":{"allow":["GET"]}}],"collection":[{"href":"https:\/\/jacareirugby.com.br\/index.php?rest_route=\/wp\/v2\/posts"}],"about":[{"href":"https:\/\/jacareirugby.com.br\/index.php?rest_route=\/wp\/v2\/types\/post"}],"author":[{"embeddable":true,"href":"https:\/\/jacareirugby.com.br\/index.php?rest_route=\/wp\/v2\/users\/2"}],"replies":[{"embeddable":true,"href":"https:\/\/jacareirugby.com.br\/index.php?rest_route=%2Fwp%2Fv2%2Fcomments&post=775"}],"version-history":[{"count":2,"href":"https:\/\/jacareirugby.com.br\/index.php?rest_route=\/wp\/v2\/posts\/775\/revisions"}],"predecessor-version":[{"id":778,"href":"https:\/\/jacareirugby.com.br\/index.php?rest_route=\/wp\/v2\/posts\/775\/revisions\/778"}],"wp:featuredmedia":[{"embeddable":true,"href":"https:\/\/jacareirugby.com.br\/index.php?rest_route=\/wp\/v2\/media\/776"}],"wp:attachment":[{"href":"https:\/\/jacareirugby.com.br\/index.php?rest_route=%2Fwp%2Fv2%2Fmedia&parent=775"}],"wp:term":[{"taxonomy":"category","embeddable":true,"href":"https:\/\/jacareirugby.com.br\/index.php?rest_route=%2Fwp%2Fv2%2Fcategories&post=775"},{"taxonomy":"post_tag","embeddable":true,"href":"https:\/\/jacareirugby.com.br\/index.php?rest_route=%2Fwp%2Fv2%2Ftags&post=775"}],"curies":[{"name":"wp","href":"https:\/\/api.w.org\/{rel}","templated":true}]}}