{"id":779,"date":"2024-01-30T02:30:00","date_gmt":"2024-01-30T05:30:00","guid":{"rendered":"https:\/\/jacareirugby.com.br\/?p=779"},"modified":"2024-03-20T02:34:32","modified_gmt":"2024-03-20T05:34:32","slug":"jacarei-tem-convocadas-para-periodos-de-treinamento-com-yaras-e-yarinhas","status":"publish","type":"post","link":"https:\/\/jacareirugby.com.br\/?p=779","title":{"rendered":"Jacare\u00ed tem convocadas para per\u00edodos de treinamento com Yaras e Yarinhas"},"content":{"rendered":"\n<p>Durante o m\u00eas de janeiro, um total de oito atletas de Jacare\u00ed foram convocadas para per\u00edodos de treinamento com a Sele\u00e7\u00e3o Brasileira Feminina de Rugby nas categorias adulto e juvenil, no CT Brasil Rugby, em S\u00e3o Jos\u00e9 dos Campos\/SP. Ao todo foram tr\u00eas \u201ccamps\u201d e todos com ao menos uma representante do clube jacareiense.<\/p>\n\n\n\n<p>Os camps das Yaras, a Sele\u00e7\u00e3o Brasileira Adulta, aconteceram em duas datas. A primeira delas foi realizada entre 19 e 21 de janeiro e contou com a presen\u00e7a de 33 jogadoras avan\u00e7adas (forwards). J\u00e1 entre os dias 26 e 28 de janeiro foi a vez de 21 atletas de linha (backs). As atividades foram realizadas com o intuito de seguir com o desenvolvimento do elenco do r\u00fagbi XV feminino.<\/p>\n\n\n\n<p>Na primeira data estiveram presentes: Giovana Pires, Mariana Neves e Vit\u00f3ria Nunes. Na segunda, as jacar\u00e9s chamadas foram: Amanda Amaro, Mariana Moreira e Raissa Andraus.<\/p>\n\n\n\n<p>Por fim, entre os dias 30 de janeiro e 2 de fevereiro acontecem os treinos das Yarinhas, a Sele\u00e7\u00e3o Brasileira Juvenil. Ao todo foram convocadas 25 jogadoras e entre elas est\u00e3o as jacar\u00e9s: Sofia Pereira e J\u00falia Luchezi.<\/p>\n\n\n\n<p>O Jacare\u00ed Rugby tem patroc\u00ednio de Cebrace &#8211; A Marca do Vidro, Latecoere, WANA, Via Vale Autom\u00f3veis e Auto Shopping Jacare\u00ed, parceria com Prefeitura Municipal de Jacare\u00ed, Secretaria de Esportes e Recrea\u00e7\u00e3o de Jacare\u00ed, Secretaria de Educa\u00e7\u00e3o de Jacare\u00ed e SESI-SP Jacare\u00ed, apoio de NET Jacare\u00ed, Neobetel, Sanrad, CNA Ingl\u00eas Definitivo, Core Sport, Biguetti e Fisioterapia Mercadante, e Lei de Incentivo Municipal &#8211; Fadenp e Lei de Incentivo ao Esporte.<\/p>\n\n\n\n<p>Siga o Jacare\u00ed nas m\u00eddias sociais:<br>Instagram:&nbsp;<a href=\"http:\/\/instagram.com\/jacareirugby\" target=\"_blank\" rel=\"noreferrer noopener\">http:\/\/instagram.com\/jacareirugby<\/a><br>Facebook:&nbsp;<a href=\"http:\/\/facebook.com\/jacareirugby\" target=\"_blank\" rel=\"noreferrer noopener\">http:\/\/facebook.com\/jacareirugby<\/a><br>YouTube:&nbsp;<a href=\"http:\/\/youtube.com\/jacareirugby\" target=\"_blank\" rel=\"noreferrer noopener\">http:\/\/youtube.com\/jacareirugby<\/a><br>Twitter:&nbsp;<a href=\"http:\/\/twitter.com\/jacareirugby\" target=\"_blank\" rel=\"noreferrer noopener\">http:\/\/twitter.com\/jacareirugby<\/a><br>TikTok:&nbsp;<a href=\"https:\/\/www.tiktok.com\/@jacareirugby\" target=\"_blank\" rel=\"noreferrer noopener\">https:\/\/www.tiktok.com\/@jacareirugby<\/a><\/p>\n","protected":false},"excerpt":{"rendered":"<p>Durante o m\u00eas de janeiro, um total de oito atletas de Jacare\u00ed foram convocadas para per\u00edodos de treinamento com a Sele\u00e7\u00e3o Brasileira Feminina de Rugby nas categorias adulto e juvenil, no CT Brasil Rugby, em S\u00e3o Jos\u00e9 dos Campos\/SP. Ao todo foram tr\u00eas \u201ccamps\u201d e todos com ao menos uma representante do clube jacareiense. Os &hellip; <\/p>\n<p class=\"link-more\"><a href=\"https:\/\/jacareirugby.com.br\/?p=779\" class=\"more-link\">Continue lendo<span class=\"screen-reader-text\"> &#8220;Jacare\u00ed tem convocadas para per\u00edodos de treinamento com Yaras e Yarinhas&#8221;<\/span><\/a><\/p>\n","protected":false},"author":2,"featured_media":780,"comment_status":"open","ping_status":"open","sticky":false,"template":"","format":"standard","meta":{"footnotes":""},"categories":[35],"tags":[39,37,38,36],"class_list":["post-779","post","type-post","status-publish","format-standard","has-post-thumbnail","hentry","category-selecao-brasileira","tag-rugby-xv-feminino","tag-selecao-brasileira","tag-yaras","tag-yarinhas","entry"],"_links":{"self":[{"href":"https:\/\/jacareirugby.com.br\/index.php?rest_route=\/wp\/v2\/posts\/779","targetHints":{"allow":["GET"]}}],"collection":[{"href":"https:\/\/jacareirugby.com.br\/index.php?rest_route=\/wp\/v2\/posts"}],"about":[{"href":"https:\/\/jacareirugby.com.br\/index.php?rest_route=\/wp\/v2\/types\/post"}],"author":[{"embeddable":true,"href":"https:\/\/jacareirugby.com.br\/index.php?rest_route=\/wp\/v2\/users\/2"}],"replies":[{"embeddable":true,"href":"https:\/\/jacareirugby.com.br\/index.php?rest_route=%2Fwp%2Fv2%2Fcomments&post=779"}],"version-history":[{"count":1,"href":"https:\/\/jacareirugby.com.br\/index.php?rest_route=\/wp\/v2\/posts\/779\/revisions"}],"predecessor-version":[{"id":781,"href":"https:\/\/jacareirugby.com.br\/index.php?rest_route=\/wp\/v2\/posts\/779\/revisions\/781"}],"wp:featuredmedia":[{"embeddable":true,"href":"https:\/\/jacareirugby.com.br\/index.php?rest_route=\/wp\/v2\/media\/780"}],"wp:attachment":[{"href":"https:\/\/jacareirugby.com.br\/index.php?rest_route=%2Fwp%2Fv2%2Fmedia&parent=779"}],"wp:term":[{"taxonomy":"category","embeddable":true,"href":"https:\/\/jacareirugby.com.br\/index.php?rest_route=%2Fwp%2Fv2%2Fcategories&post=779"},{"taxonomy":"post_tag","embeddable":true,"href":"https:\/\/jacareirugby.com.br\/index.php?rest_route=%2Fwp%2Fv2%2Ftags&post=779"}],"curies":[{"name":"wp","href":"https:\/\/api.w.org\/{rel}","templated":true}]}}