{"id":803,"date":"2024-03-05T13:11:00","date_gmt":"2024-03-05T16:11:00","guid":{"rendered":"https:\/\/jacareirugby.com.br\/?p=803"},"modified":"2024-03-20T03:11:47","modified_gmt":"2024-03-20T06:11:47","slug":"equipe-de-jacarei-tem-seis-convocados-para-sul-americano-m18-masculino","status":"publish","type":"post","link":"https:\/\/jacareirugby.com.br\/?p=803","title":{"rendered":"Equipe de Jacare\u00ed tem seis convocados para Sul-Americano M18 Masculino"},"content":{"rendered":"\n<p>Um total de seis atletas do SESI Jacare\u00ed Rugby foram convocados para a disputa do Sul-Americano M18 Masculino entre os dias 13 e 16 de mar\u00e7o, em R\u00edo Segundo, na prov\u00edncia de C\u00f3rdoba, na Argentina. Os jogadores chamados foram: Andrei Santana, Carlos Eduardo Andrade, Jo\u00e3o Guilherme Arraez, Gustavo Gon\u00e7alves, Richard Dias e Lyan Aquino.<\/p>\n\n\n\n<p>O Campeonato Sul-Americano M18 ser\u00e1 disputado por seis sele\u00e7\u00f5es: Brasil, Argentina, Chile, Uruguai, Paraguai e Col\u00f4mbia. Os jogos de r\u00fagbi XV nesta competi\u00e7\u00e3o ser\u00e3o realizados em tempo reduzido, com jogos de 40 minutos, pois o torneio ter\u00e1 dois dias de dura\u00e7\u00e3o.<\/p>\n\n\n\n<p>A viagem dos atletas ser\u00e1 iniciada no dia 8 de mar\u00e7o, com prepara\u00e7\u00e3o nas cidades de Maring\u00e1, Toledo e Foz do Igua\u00e7u, todas no Paran\u00e1. De l\u00e1, os atletas seguir\u00e3o para a Argentina. Ao todo, o treinador Leandro Geavaerd convocou 25 jogadores para o torneio.<\/p>\n\n\n\n<p>O Jacare\u00ed Rugby tem patroc\u00ednio de Cebrace &#8211; A Marca do Vidro, Latecoere, WANA, Via Vale Autom\u00f3veis e Auto Shopping Jacare\u00ed, parceria com Prefeitura Municipal de Jacare\u00ed, Secretaria de Esportes e Recrea\u00e7\u00e3o de Jacare\u00ed, Secretaria de Educa\u00e7\u00e3o de Jacare\u00ed e SESI-SP Jacare\u00ed, apoio de NET Jacare\u00ed, Neobetel, Sanrad, CNA Ingl\u00eas Definitivo, Core Sport, Biguetti e Fisioterapia Mercadante, e Lei de Incentivo Municipal &#8211; Fadenp e Lei de Incentivo ao Esporte.<\/p>\n\n\n\n<p>Siga o Jacare\u00ed nas m\u00eddias sociais:<br>Instagram:&nbsp;<a href=\"http:\/\/instagram.com\/jacareirugby\" target=\"_blank\" rel=\"noreferrer noopener\">http:\/\/instagram.com\/jacareirugby<\/a><br>Facebook:&nbsp;<a href=\"http:\/\/facebook.com\/jacareirugby\" target=\"_blank\" rel=\"noreferrer noopener\">http:\/\/facebook.com\/jacareirugby<\/a><br>YouTube:&nbsp;<a href=\"http:\/\/youtube.com\/jacareirugby\" target=\"_blank\" rel=\"noreferrer noopener\">http:\/\/youtube.com\/jacareirugby<\/a><br>Twitter:&nbsp;<a href=\"http:\/\/twitter.com\/jacareirugby\" target=\"_blank\" rel=\"noreferrer noopener\">http:\/\/twitter.com\/jacareirugby<\/a><br>TikTok:&nbsp;<a href=\"https:\/\/www.tiktok.com\/@jacareirugby\" target=\"_blank\" rel=\"noreferrer noopener\">https:\/\/www.tiktok.com\/@jacareirugby<\/a><\/p>\n","protected":false},"excerpt":{"rendered":"<p>Um total de seis atletas do SESI Jacare\u00ed Rugby foram convocados para a disputa do Sul-Americano M18 Masculino entre os dias 13 e 16 de mar\u00e7o, em R\u00edo Segundo, na prov\u00edncia de C\u00f3rdoba, na Argentina. Os jogadores chamados foram: Andrei Santana, Carlos Eduardo Andrade, Jo\u00e3o Guilherme Arraez, Gustavo Gon\u00e7alves, Richard Dias e Lyan Aquino. O &hellip; <\/p>\n<p class=\"link-more\"><a href=\"https:\/\/jacareirugby.com.br\/?p=803\" class=\"more-link\">Continue lendo<span class=\"screen-reader-text\"> &#8220;Equipe de Jacare\u00ed tem seis convocados para Sul-Americano M18 Masculino&#8221;<\/span><\/a><\/p>\n","protected":false},"author":2,"featured_media":804,"comment_status":"open","ping_status":"open","sticky":false,"template":"","format":"standard","meta":{"footnotes":""},"categories":[35],"tags":[37,50],"class_list":["post-803","post","type-post","status-publish","format-standard","has-post-thumbnail","hentry","category-selecao-brasileira","tag-selecao-brasileira","tag-sesi-jacarei-rugby","entry"],"_links":{"self":[{"href":"https:\/\/jacareirugby.com.br\/index.php?rest_route=\/wp\/v2\/posts\/803","targetHints":{"allow":["GET"]}}],"collection":[{"href":"https:\/\/jacareirugby.com.br\/index.php?rest_route=\/wp\/v2\/posts"}],"about":[{"href":"https:\/\/jacareirugby.com.br\/index.php?rest_route=\/wp\/v2\/types\/post"}],"author":[{"embeddable":true,"href":"https:\/\/jacareirugby.com.br\/index.php?rest_route=\/wp\/v2\/users\/2"}],"replies":[{"embeddable":true,"href":"https:\/\/jacareirugby.com.br\/index.php?rest_route=%2Fwp%2Fv2%2Fcomments&post=803"}],"version-history":[{"count":1,"href":"https:\/\/jacareirugby.com.br\/index.php?rest_route=\/wp\/v2\/posts\/803\/revisions"}],"predecessor-version":[{"id":805,"href":"https:\/\/jacareirugby.com.br\/index.php?rest_route=\/wp\/v2\/posts\/803\/revisions\/805"}],"wp:featuredmedia":[{"embeddable":true,"href":"https:\/\/jacareirugby.com.br\/index.php?rest_route=\/wp\/v2\/media\/804"}],"wp:attachment":[{"href":"https:\/\/jacareirugby.com.br\/index.php?rest_route=%2Fwp%2Fv2%2Fmedia&parent=803"}],"wp:term":[{"taxonomy":"category","embeddable":true,"href":"https:\/\/jacareirugby.com.br\/index.php?rest_route=%2Fwp%2Fv2%2Fcategories&post=803"},{"taxonomy":"post_tag","embeddable":true,"href":"https:\/\/jacareirugby.com.br\/index.php?rest_route=%2Fwp%2Fv2%2Ftags&post=803"}],"curies":[{"name":"wp","href":"https:\/\/api.w.org\/{rel}","templated":true}]}}